{"id":4149,"date":"2017-12-06T21:09:03","date_gmt":"2017-12-06T21:09:03","guid":{"rendered":"http:\/\/sundalsryr.se\/?p=4149"},"modified":"2017-12-06T21:09:03","modified_gmt":"2017-12-06T21:09:03","slug":"tomteparaden","status":"publish","type":"post","link":"http:\/\/sundalsryr.se\/?p=4149","title":{"rendered":"Tomteparaden"},"content":{"rendered":"<p>&nbsp;<\/p>\n<p><a href=\"http:\/\/sundalsryr.se\/wp-content\/uploads\/2017\/12\/mms_img7600144491.jpg\"><img loading=\"lazy\" decoding=\"async\" class=\"aligncenter  wp-image-4151\" src=\"http:\/\/sundalsryr.se\/wp-content\/uploads\/2017\/12\/mms_img7600144491.jpg\" alt=\"\" width=\"680\" height=\"383\" srcset=\"http:\/\/sundalsryr.se\/wp-content\/uploads\/2017\/12\/mms_img7600144491.jpg 960w, http:\/\/sundalsryr.se\/wp-content\/uploads\/2017\/12\/mms_img7600144491-300x169.jpg 300w, http:\/\/sundalsryr.se\/wp-content\/uploads\/2017\/12\/mms_img7600144491-768x432.jpg 768w\" sizes=\"(max-width: 680px) 100vw, 680px\" \/><\/a><\/p>\n<p>M\u00e5nga barn och vuxna kom f\u00f6r att kl\u00e4 byalagets vagn p\u00e5 gl\u00f6ggkv\u00e4llen. Likas\u00e5 var det m\u00e5nga sm\u00e5 och stora Sundals ryrstomtar som var med i Br\u00e5landa i l\u00f6rdags.<\/p>\n<p><a href=\"http:\/\/sundalsryr.se\/wp-content\/uploads\/2017\/12\/mms_img18440931251.jpg\"><img loading=\"lazy\" decoding=\"async\" class=\"aligncenter  wp-image-4150\" src=\"http:\/\/sundalsryr.se\/wp-content\/uploads\/2017\/12\/mms_img18440931251.jpg\" alt=\"\" width=\"693\" height=\"390\" srcset=\"http:\/\/sundalsryr.se\/wp-content\/uploads\/2017\/12\/mms_img18440931251.jpg 960w, http:\/\/sundalsryr.se\/wp-content\/uploads\/2017\/12\/mms_img18440931251-300x169.jpg 300w, http:\/\/sundalsryr.se\/wp-content\/uploads\/2017\/12\/mms_img18440931251-768x432.jpg 768w\" sizes=\"(max-width: 693px) 100vw, 693px\" \/><\/a><\/p>\n","protected":false},"excerpt":{"rendered":"<p>&nbsp; M\u00e5nga barn och vuxna kom f\u00f6r att kl\u00e4 byalagets vagn p\u00e5 gl\u00f6ggkv\u00e4llen. Likas\u00e5 var det m\u00e5nga sm\u00e5 och stora Sundals ryrstomtar som var med i Br\u00e5landa i l\u00f6rdags.<\/p>\n","protected":false},"author":3,"featured_media":0,"comment_status":"open","ping_status":"open","sticky":false,"template":"","format":"standard","meta":{"_monsterinsights_skip_tracking":false,"_monsterinsights_sitenote_active":false,"_monsterinsights_sitenote_note":"","_monsterinsights_sitenote_category":0,"footnotes":""},"categories":[1],"tags":[],"class_list":["post-4149","post","type-post","status-publish","format-standard","hentry","category-aktuellt"],"_links":{"self":[{"href":"http:\/\/sundalsryr.se\/index.php?rest_route=\/wp\/v2\/posts\/4149"}],"collection":[{"href":"http:\/\/sundalsryr.se\/index.php?rest_route=\/wp\/v2\/posts"}],"about":[{"href":"http:\/\/sundalsryr.se\/index.php?rest_route=\/wp\/v2\/types\/post"}],"author":[{"embeddable":true,"href":"http:\/\/sundalsryr.se\/index.php?rest_route=\/wp\/v2\/users\/3"}],"replies":[{"embeddable":true,"href":"http:\/\/sundalsryr.se\/index.php?rest_route=%2Fwp%2Fv2%2Fcomments&post=4149"}],"version-history":[{"count":1,"href":"http:\/\/sundalsryr.se\/index.php?rest_route=\/wp\/v2\/posts\/4149\/revisions"}],"predecessor-version":[{"id":4152,"href":"http:\/\/sundalsryr.se\/index.php?rest_route=\/wp\/v2\/posts\/4149\/revisions\/4152"}],"wp:attachment":[{"href":"http:\/\/sundalsryr.se\/index.php?rest_route=%2Fwp%2Fv2%2Fmedia&parent=4149"}],"wp:term":[{"taxonomy":"category","embeddable":true,"href":"http:\/\/sundalsryr.se\/index.php?rest_route=%2Fwp%2Fv2%2Fcategories&post=4149"},{"taxonomy":"post_tag","embeddable":true,"href":"http:\/\/sundalsryr.se\/index.php?rest_route=%2Fwp%2Fv2%2Ftags&post=4149"}],"curies":[{"name":"wp","href":"https:\/\/api.w.org\/{rel}","templated":true}]}}