{"id":4223,"date":"2018-03-29T19:42:39","date_gmt":"2018-03-29T19:42:39","guid":{"rendered":"http:\/\/sundalsryr.se\/?p=4223"},"modified":"2018-03-30T15:18:25","modified_gmt":"2018-03-30T15:18:25","slug":"arsmotet-2018","status":"publish","type":"post","link":"http:\/\/sundalsryr.se\/?p=4223","title":{"rendered":"\u00c5rsm\u00f6tet 2018"},"content":{"rendered":"<p>&nbsp;<\/p>\n<p>I onsdags h\u00f6lls byalagets 17e \u00e5rsm\u00f6tet i caf\u00e9et p\u00e5 Evenstorps g\u00e5rd. F\u00f6rst bj\u00f6ds det p\u00e5 kaffe med v\u00e5fflor, sylt och gr\u00e4dde. D\u00e4refter blev det sedvanliga \u00e5rsm\u00f6tesf\u00f6rhandlingar.<\/p>\n<p><a href=\"http:\/\/sundalsryr.se\/wp-content\/uploads\/2018\/03\/DSC_0143.jpg\"><img loading=\"lazy\" decoding=\"async\" class=\"alignright size-medium wp-image-4224\" src=\"http:\/\/sundalsryr.se\/wp-content\/uploads\/2018\/03\/DSC_0143-300x175.jpg\" alt=\"\" width=\"300\" height=\"175\" srcset=\"http:\/\/sundalsryr.se\/wp-content\/uploads\/2018\/03\/DSC_0143-300x175.jpg 300w, http:\/\/sundalsryr.se\/wp-content\/uploads\/2018\/03\/DSC_0143-768x448.jpg 768w, http:\/\/sundalsryr.se\/wp-content\/uploads\/2018\/03\/DSC_0143-1024x597.jpg 1024w\" sizes=\"(max-width: 300px) 100vw, 300px\" \/><\/a><\/p>\n<p>Som s\u00e5 m\u00e5nga g\u00e5nger tidigare fick Roger Johansson f\u00f6rtroendet att h\u00e5lla i klubban under m\u00f6tet. Det beslutades att styrelsen det n\u00e4rmsta \u00e5ret ska best\u00e5 av ordf\u00f6rande Robert Olsson, H\u00e4ljebyn, Sekreterare Maria Carlring, Katteberg, Kass\u00f6r Marie Karlsson, \u00c5rbol, Andreas Karlsson, Bollerud, Louise Karlsson, Sallebyn och Anders Fryklund,\u00a0 Torg\u00e4rderud. Revisorer \u00e4r Kent Nilsson och Anita Aarsrud. I styrgruppen f\u00f6r aktivitetslederna sitter Susanne Broberg, Kristina Johansson och Bo Elofsson. \u00a0I valberedningen sitter Roger Johansson och Sandra Olsson.<\/p>\n<p>Anders Fryklund l\u00e4ste upp \u00e5rsber\u00e4ttelsen som ber\u00e4ttar att det under \u00e5ret varit en filmkv\u00e4ll f\u00f6r vuxna och en f\u00f6r barn. En f\u00f6rel\u00e4sning om medveten andning ordnades i samarbete med SK Granan, vi hade en guidad vandring i det nya naturreservatet Oxeklev, lerduveskytte, badplatsst\u00e4dning, studiebes\u00f6k p\u00e5 \u201dtassa in\u201d, tv\u00e5 after work kv\u00e4llar och ett knytkalas, en gl\u00f6ggkv\u00e4ll och deltagande i tomtet\u00e5get. Byalaget har dessutom medverkat vid en friluftsgudstj\u00e4nst, k\u00f6pt tv\u00e5 kanoter som finns att hyra vid bollungen och skrivit en skrivelse till v\u00e4gverket om v\u00e5ra d\u00e5liga grusv\u00e4gar.<\/p>\n<p>Antalet medlemmar har \u00e5r 2017 varit 95 familjer och elva enskilda, i kassan fanns 61175 kr vid \u00e5rsskiftet.<\/p>\n<p>Under \u00f6vriga fr\u00e5gor v\u00e4cktes fr\u00e5gan om byalaget kan t\u00e4nkas att betala f\u00e4rg till de b\u00e5da sm\u00e5 husen vid skjutbanan, som med sk\u00e4nkta medel f\u00e5tt ny br\u00e4dfodring f\u00f6rra \u00e5ret.<\/p>\n<p><a href=\"http:\/\/sundalsryr.se\/wp-content\/uploads\/2018\/03\/DSC_0145.jpg\"><img loading=\"lazy\" decoding=\"async\" class=\"alignleft size-medium wp-image-4225\" src=\"http:\/\/sundalsryr.se\/wp-content\/uploads\/2018\/03\/DSC_0145-300x162.jpg\" alt=\"\" width=\"300\" height=\"162\" srcset=\"http:\/\/sundalsryr.se\/wp-content\/uploads\/2018\/03\/DSC_0145-300x162.jpg 300w, http:\/\/sundalsryr.se\/wp-content\/uploads\/2018\/03\/DSC_0145-768x415.jpg 768w, http:\/\/sundalsryr.se\/wp-content\/uploads\/2018\/03\/DSC_0145-1024x554.jpg 1024w\" sizes=\"(max-width: 300px) 100vw, 300px\" \/><\/a><\/p>\n<p>Till sist avtackades Katarina Appelgren som under m\u00e5nga \u00e5r gjort ett stort och viktigt arbete som byalagets sekreterare, men som nu flyttar fr\u00e5n bygden.<\/p>\n<p>M\u00f6tet avslutas med att Roger tackar alla f\u00f6r visat intresse och \u00f6nskar styrelsen lycka till i sitt fortsatta arbete.<\/p>\n<p>&nbsp;<\/p>\n<p>\/Susanne Borssen<\/p>\n<p>&nbsp;<\/p>\n<p>.<\/p>\n","protected":false},"excerpt":{"rendered":"<p>&nbsp; I onsdags h\u00f6lls byalagets 17e \u00e5rsm\u00f6tet i caf\u00e9et p\u00e5 Evenstorps g\u00e5rd. F\u00f6rst bj\u00f6ds det p\u00e5 kaffe med v\u00e5fflor, sylt och gr\u00e4dde. D\u00e4refter blev det sedvanliga \u00e5rsm\u00f6tesf\u00f6rhandlingar. Som s\u00e5 m\u00e5nga g\u00e5nger tidigare fick Roger Johansson f\u00f6rtroendet att h\u00e5lla i klubban under m\u00f6tet. Det beslutades att styrelsen det n\u00e4rmsta \u00e5ret ska best\u00e5 av ordf\u00f6rande Robert Olsson,&#8230;<\/p>\n","protected":false},"author":3,"featured_media":0,"comment_status":"open","ping_status":"open","sticky":false,"template":"","format":"standard","meta":{"_monsterinsights_skip_tracking":false,"_monsterinsights_sitenote_active":false,"_monsterinsights_sitenote_note":"","_monsterinsights_sitenote_category":0,"footnotes":""},"categories":[1,18],"tags":[],"class_list":["post-4223","post","type-post","status-publish","format-standard","hentry","category-aktuellt","category-arsmoten"],"_links":{"self":[{"href":"http:\/\/sundalsryr.se\/index.php?rest_route=\/wp\/v2\/posts\/4223"}],"collection":[{"href":"http:\/\/sundalsryr.se\/index.php?rest_route=\/wp\/v2\/posts"}],"about":[{"href":"http:\/\/sundalsryr.se\/index.php?rest_route=\/wp\/v2\/types\/post"}],"author":[{"embeddable":true,"href":"http:\/\/sundalsryr.se\/index.php?rest_route=\/wp\/v2\/users\/3"}],"replies":[{"embeddable":true,"href":"http:\/\/sundalsryr.se\/index.php?rest_route=%2Fwp%2Fv2%2Fcomments&post=4223"}],"version-history":[{"count":3,"href":"http:\/\/sundalsryr.se\/index.php?rest_route=\/wp\/v2\/posts\/4223\/revisions"}],"predecessor-version":[{"id":4228,"href":"http:\/\/sundalsryr.se\/index.php?rest_route=\/wp\/v2\/posts\/4223\/revisions\/4228"}],"wp:attachment":[{"href":"http:\/\/sundalsryr.se\/index.php?rest_route=%2Fwp%2Fv2%2Fmedia&parent=4223"}],"wp:term":[{"taxonomy":"category","embeddable":true,"href":"http:\/\/sundalsryr.se\/index.php?rest_route=%2Fwp%2Fv2%2Fcategories&post=4223"},{"taxonomy":"post_tag","embeddable":true,"href":"http:\/\/sundalsryr.se\/index.php?rest_route=%2Fwp%2Fv2%2Ftags&post=4223"}],"curies":[{"name":"wp","href":"https:\/\/api.w.org\/{rel}","templated":true}]}}