{"id":4234,"date":"2018-04-01T19:33:55","date_gmt":"2018-04-01T19:33:55","guid":{"rendered":"http:\/\/sundalsryr.se\/?p=4234"},"modified":"2018-04-02T16:39:47","modified_gmt":"2018-04-02T16:39:47","slug":"filmvisningar","status":"publish","type":"post","link":"http:\/\/sundalsryr.se\/?p=4234","title":{"rendered":"Filmvisningar"},"content":{"rendered":"<p><a href=\"http:\/\/sundalsryr.se\/wp-content\/uploads\/2018\/04\/7f673df042f9c6275f834c751ed2cbed-rimg-w720-h229-gmir.jpg\"><img loading=\"lazy\" decoding=\"async\" class=\"aligncenter size-medium wp-image-4235\" src=\"http:\/\/sundalsryr.se\/wp-content\/uploads\/2018\/04\/7f673df042f9c6275f834c751ed2cbed-rimg-w720-h229-gmir-300x95.jpg\" alt=\"\" width=\"300\" height=\"95\" srcset=\"http:\/\/sundalsryr.se\/wp-content\/uploads\/2018\/04\/7f673df042f9c6275f834c751ed2cbed-rimg-w720-h229-gmir-300x95.jpg 300w, http:\/\/sundalsryr.se\/wp-content\/uploads\/2018\/04\/7f673df042f9c6275f834c751ed2cbed-rimg-w720-h229-gmir.jpg 720w\" sizes=\"(max-width: 300px) 100vw, 300px\" \/><\/a><\/p>\n<p>Torsdag den 5 april kommer Jan G Andersson till f\u00f6rsamlingshemmet och visar sin film om Tora Alfredsson fr\u00e5n Gestad. Det b\u00f6rjar kl 18,30 och efter den 45 min l\u00e5nga filmen bjuds det p\u00e5 fika. Denna visning \u00e4r ett samarbete mellan byalaget och kyrkan.<\/p>\n<p>&nbsp;<\/p>\n<p>Det blir \u00e4ven en filmvisning den onsdag den 11 april, kl 18,30, d\u00e5 visas en film fr\u00e5n 1966 som heter &#8221;i vilande skogen&#8221;. Den handlar om mj\u00f6lkb\u00f6nder i Sundals ryr.\u00a0 Denna visning st\u00e5r inte med i byabladet\u00a0s\u00e5 sprid g\u00e4rna vidare.<\/p>\n<p>&nbsp;<\/p>\n<p style=\"text-align: center;\"><strong>Alla \u00e4r hj\u00e4rtligt v\u00e4lkomna!<\/strong><\/p>\n<p>&nbsp;<\/p>\n","protected":false},"excerpt":{"rendered":"<p>Torsdag den 5 april kommer Jan G Andersson till f\u00f6rsamlingshemmet och visar sin film om Tora Alfredsson fr\u00e5n Gestad. Det b\u00f6rjar kl 18,30 och efter den 45 min l\u00e5nga filmen bjuds det p\u00e5 fika. Denna visning \u00e4r ett samarbete mellan byalaget och kyrkan. &nbsp; Det blir \u00e4ven en filmvisning den onsdag den 11 april, kl&#8230;<\/p>\n","protected":false},"author":3,"featured_media":0,"comment_status":"open","ping_status":"open","sticky":false,"template":"","format":"standard","meta":{"_monsterinsights_skip_tracking":false,"_monsterinsights_sitenote_active":false,"_monsterinsights_sitenote_note":"","_monsterinsights_sitenote_category":0,"footnotes":""},"categories":[1],"tags":[],"class_list":["post-4234","post","type-post","status-publish","format-standard","hentry","category-aktuellt"],"_links":{"self":[{"href":"http:\/\/sundalsryr.se\/index.php?rest_route=\/wp\/v2\/posts\/4234"}],"collection":[{"href":"http:\/\/sundalsryr.se\/index.php?rest_route=\/wp\/v2\/posts"}],"about":[{"href":"http:\/\/sundalsryr.se\/index.php?rest_route=\/wp\/v2\/types\/post"}],"author":[{"embeddable":true,"href":"http:\/\/sundalsryr.se\/index.php?rest_route=\/wp\/v2\/users\/3"}],"replies":[{"embeddable":true,"href":"http:\/\/sundalsryr.se\/index.php?rest_route=%2Fwp%2Fv2%2Fcomments&post=4234"}],"version-history":[{"count":3,"href":"http:\/\/sundalsryr.se\/index.php?rest_route=\/wp\/v2\/posts\/4234\/revisions"}],"predecessor-version":[{"id":4238,"href":"http:\/\/sundalsryr.se\/index.php?rest_route=\/wp\/v2\/posts\/4234\/revisions\/4238"}],"wp:attachment":[{"href":"http:\/\/sundalsryr.se\/index.php?rest_route=%2Fwp%2Fv2%2Fmedia&parent=4234"}],"wp:term":[{"taxonomy":"category","embeddable":true,"href":"http:\/\/sundalsryr.se\/index.php?rest_route=%2Fwp%2Fv2%2Fcategories&post=4234"},{"taxonomy":"post_tag","embeddable":true,"href":"http:\/\/sundalsryr.se\/index.php?rest_route=%2Fwp%2Fv2%2Ftags&post=4234"}],"curies":[{"name":"wp","href":"https:\/\/api.w.org\/{rel}","templated":true}]}}