{"id":4295,"date":"2018-06-12T19:26:34","date_gmt":"2018-06-12T19:26:34","guid":{"rendered":"http:\/\/sundalsryr.se\/?p=4295"},"modified":"2018-06-12T19:26:34","modified_gmt":"2018-06-12T19:26:34","slug":"hassjning-av-ho","status":"publish","type":"post","link":"http:\/\/sundalsryr.se\/?p=4295","title":{"rendered":"H\u00e4ssjning av h\u00f6"},"content":{"rendered":"<p><a href=\"http:\/\/sundalsryr.se\/wp-content\/uploads\/2018\/06\/mms_img7591377361.jpg\"><img loading=\"lazy\" decoding=\"async\" class=\"aligncenter  wp-image-4296\" src=\"http:\/\/sundalsryr.se\/wp-content\/uploads\/2018\/06\/mms_img7591377361.jpg\" alt=\"\" width=\"411\" height=\"633\" srcset=\"http:\/\/sundalsryr.se\/wp-content\/uploads\/2018\/06\/mms_img7591377361.jpg 261w, http:\/\/sundalsryr.se\/wp-content\/uploads\/2018\/06\/mms_img7591377361-195x300.jpg 195w\" sizes=\"(max-width: 411px) 100vw, 411px\" \/><\/a><\/p>\n<p><strong>\u00a0 \u00a0 \u00a0 \u00a0 \u00a0 \u00a0 \u00a0 \u00a0 \u00a0 \u00a0 \u00a0 \u00a0 \u00a0 \u00a0 \u00a0 \u00a0 \u00a0 \u00a0 \u00a0F\u00f6rberedelserna f\u00f6r l\u00f6rdagens h\u00f6h\u00e4ssjning \u00e4r i full g\u00e5ng.\u00a0<\/strong><\/p>\n<p>Den 16e Juni \u00e4r alla v\u00e4lkomna till Olssons i H\u00e4ljebyn f\u00f6r att delta i byalagets nostalgitr\u00e4ff med h\u00f6h\u00e4ssjning som tema. S\u00e5 ta p\u00e5 er sjaletten och vegam\u00f6ssan, packa kaffekorgen och ta med h\u00f6gaffel och r\u00e4fsan s\u00e5 tr\u00e4ffas vi i H\u00e4ljebyn kl 15.<\/p>\n<p>Alla \u00e4r varmt V\u00e4lkomna att hj\u00e4lpa till eller att bara titta p\u00e5&#8230;.<\/p>\n<p>&nbsp;<\/p>\n<p>.<\/p>\n","protected":false},"excerpt":{"rendered":"<p>\u00a0 \u00a0 \u00a0 \u00a0 \u00a0 \u00a0 \u00a0 \u00a0 \u00a0 \u00a0 \u00a0 \u00a0 \u00a0 \u00a0 \u00a0 \u00a0 \u00a0 \u00a0 \u00a0F\u00f6rberedelserna f\u00f6r l\u00f6rdagens h\u00f6h\u00e4ssjning \u00e4r i full g\u00e5ng.\u00a0 Den 16e Juni \u00e4r alla v\u00e4lkomna till Olssons i H\u00e4ljebyn f\u00f6r att delta i byalagets nostalgitr\u00e4ff med h\u00f6h\u00e4ssjning som tema. S\u00e5 ta p\u00e5 er sjaletten och vegam\u00f6ssan, packa kaffekorgen&#8230;<\/p>\n","protected":false},"author":3,"featured_media":0,"comment_status":"open","ping_status":"open","sticky":false,"template":"","format":"standard","meta":{"_monsterinsights_skip_tracking":false,"_monsterinsights_sitenote_active":false,"_monsterinsights_sitenote_note":"","_monsterinsights_sitenote_category":0,"footnotes":""},"categories":[1],"tags":[],"class_list":["post-4295","post","type-post","status-publish","format-standard","hentry","category-aktuellt"],"_links":{"self":[{"href":"http:\/\/sundalsryr.se\/index.php?rest_route=\/wp\/v2\/posts\/4295"}],"collection":[{"href":"http:\/\/sundalsryr.se\/index.php?rest_route=\/wp\/v2\/posts"}],"about":[{"href":"http:\/\/sundalsryr.se\/index.php?rest_route=\/wp\/v2\/types\/post"}],"author":[{"embeddable":true,"href":"http:\/\/sundalsryr.se\/index.php?rest_route=\/wp\/v2\/users\/3"}],"replies":[{"embeddable":true,"href":"http:\/\/sundalsryr.se\/index.php?rest_route=%2Fwp%2Fv2%2Fcomments&post=4295"}],"version-history":[{"count":1,"href":"http:\/\/sundalsryr.se\/index.php?rest_route=\/wp\/v2\/posts\/4295\/revisions"}],"predecessor-version":[{"id":4297,"href":"http:\/\/sundalsryr.se\/index.php?rest_route=\/wp\/v2\/posts\/4295\/revisions\/4297"}],"wp:attachment":[{"href":"http:\/\/sundalsryr.se\/index.php?rest_route=%2Fwp%2Fv2%2Fmedia&parent=4295"}],"wp:term":[{"taxonomy":"category","embeddable":true,"href":"http:\/\/sundalsryr.se\/index.php?rest_route=%2Fwp%2Fv2%2Fcategories&post=4295"},{"taxonomy":"post_tag","embeddable":true,"href":"http:\/\/sundalsryr.se\/index.php?rest_route=%2Fwp%2Fv2%2Ftags&post=4295"}],"curies":[{"name":"wp","href":"https:\/\/api.w.org\/{rel}","templated":true}]}}