{"id":4364,"date":"2018-09-02T16:24:05","date_gmt":"2018-09-02T16:24:05","guid":{"rendered":"http:\/\/sundalsryr.se\/?p=4364"},"modified":"2018-09-02T16:24:24","modified_gmt":"2018-09-02T16:24:24","slug":"valet-den-9-september","status":"publish","type":"post","link":"http:\/\/sundalsryr.se\/?p=4364","title":{"rendered":"Valet den 9 september"},"content":{"rendered":"<p>&nbsp;<\/p>\n<p>Eftersom vallagen \u00e4r \u00e4ndrad och man numera inte f\u00e5r r\u00f6sta i en lokal som har med religion eller politik att g\u00f6ra, f\u00e5r vi Sundals ryrsbor inte l\u00e4ngre r\u00f6sta i f\u00f6rsamlingshemmet.<\/p>\n<p>Vi ska ist\u00e4llet r\u00f6sta antingen i Br\u00e5landa skolas musiksal eller Ekebro bygdeg\u00e5rd, vilket som g\u00e4ller dig framg\u00e5r av r\u00f6stsedeln. B\u00e5da \u00e4r \u00f6ppna s\u00f6ndag den 9 september kl 8.00 \u2013 20.00.<\/p>\n<p>Vill du ist\u00e4llet f\u00f6rtidsr\u00f6sta, kan du g\u00f6ra det p\u00e5 biblioteket i Br\u00e5landa p\u00e5 tisdag 10-13 och 16-19 eller torsdag 16-19.<\/p>\n<p>&nbsp;<\/p>\n<p>&nbsp;<\/p>\n<p>.<\/p>\n","protected":false},"excerpt":{"rendered":"<p>&nbsp; Eftersom vallagen \u00e4r \u00e4ndrad och man numera inte f\u00e5r r\u00f6sta i en lokal som har med religion eller politik att g\u00f6ra, f\u00e5r vi Sundals ryrsbor inte l\u00e4ngre r\u00f6sta i f\u00f6rsamlingshemmet. Vi ska ist\u00e4llet r\u00f6sta antingen i Br\u00e5landa skolas musiksal eller Ekebro bygdeg\u00e5rd, vilket som g\u00e4ller dig framg\u00e5r av r\u00f6stsedeln. B\u00e5da \u00e4r \u00f6ppna s\u00f6ndag den&#8230;<\/p>\n","protected":false},"author":3,"featured_media":0,"comment_status":"open","ping_status":"open","sticky":false,"template":"","format":"standard","meta":{"_monsterinsights_skip_tracking":false,"_monsterinsights_sitenote_active":false,"_monsterinsights_sitenote_note":"","_monsterinsights_sitenote_category":0,"footnotes":""},"categories":[1],"tags":[],"class_list":["post-4364","post","type-post","status-publish","format-standard","hentry","category-aktuellt"],"_links":{"self":[{"href":"http:\/\/sundalsryr.se\/index.php?rest_route=\/wp\/v2\/posts\/4364"}],"collection":[{"href":"http:\/\/sundalsryr.se\/index.php?rest_route=\/wp\/v2\/posts"}],"about":[{"href":"http:\/\/sundalsryr.se\/index.php?rest_route=\/wp\/v2\/types\/post"}],"author":[{"embeddable":true,"href":"http:\/\/sundalsryr.se\/index.php?rest_route=\/wp\/v2\/users\/3"}],"replies":[{"embeddable":true,"href":"http:\/\/sundalsryr.se\/index.php?rest_route=%2Fwp%2Fv2%2Fcomments&post=4364"}],"version-history":[{"count":2,"href":"http:\/\/sundalsryr.se\/index.php?rest_route=\/wp\/v2\/posts\/4364\/revisions"}],"predecessor-version":[{"id":4366,"href":"http:\/\/sundalsryr.se\/index.php?rest_route=\/wp\/v2\/posts\/4364\/revisions\/4366"}],"wp:attachment":[{"href":"http:\/\/sundalsryr.se\/index.php?rest_route=%2Fwp%2Fv2%2Fmedia&parent=4364"}],"wp:term":[{"taxonomy":"category","embeddable":true,"href":"http:\/\/sundalsryr.se\/index.php?rest_route=%2Fwp%2Fv2%2Fcategories&post=4364"},{"taxonomy":"post_tag","embeddable":true,"href":"http:\/\/sundalsryr.se\/index.php?rest_route=%2Fwp%2Fv2%2Ftags&post=4364"}],"curies":[{"name":"wp","href":"https:\/\/api.w.org\/{rel}","templated":true}]}}