{"id":4368,"date":"2018-09-11T12:22:38","date_gmt":"2018-09-11T12:22:38","guid":{"rendered":"http:\/\/sundalsryr.se\/?p=4368"},"modified":"2018-09-13T11:09:53","modified_gmt":"2018-09-13T11:09:53","slug":"kakor-och-kanoter","status":"publish","type":"post","link":"http:\/\/sundalsryr.se\/?p=4368","title":{"rendered":"Kakor och kanoter"},"content":{"rendered":"<p>&nbsp;<\/p>\n<p>Det finns fortfarande platser kvar till f\u00f6rel\u00e4sningen med Birgitta Rasmusson nu p\u00e5 s\u00f6ndag den 16\/9. H\u00f6r av er till Maria Carlring,\u00a0<a href=\"mailto:maria.carlring@hotmail.com\">maria.carlring@hotmail.com<\/a>\u00a00702-743978 om ni vill vara med. Det kommer \u00e4ven finnas signerade b\u00f6cker till f\u00f6rs\u00e4ljning.<\/p>\n<p><a href=\"http:\/\/sundalsryr.se\/wp-content\/uploads\/2018\/09\/birgitta-1.jpg\"><img loading=\"lazy\" decoding=\"async\" class=\"alignleft size-full wp-image-4374\" src=\"http:\/\/sundalsryr.se\/wp-content\/uploads\/2018\/09\/birgitta-1.jpg\" alt=\"\" width=\"201\" height=\"254\" \/><\/a><\/p>\n<p><a href=\"http:\/\/sundalsryr.se\/wp-content\/uploads\/2018\/09\/birgitta.jpg\"><img loading=\"lazy\" decoding=\"async\" class=\"alignright size-full wp-image-4375\" src=\"http:\/\/sundalsryr.se\/wp-content\/uploads\/2018\/09\/birgitta.jpg\" alt=\"\" width=\"200\" height=\"253\" \/><\/a><\/p>\n<p>&nbsp;<\/p>\n<p>&nbsp;<\/p>\n<p>&nbsp;<\/p>\n<p>&nbsp;<\/p>\n<p>&nbsp;<\/p>\n<p>&nbsp;<\/p>\n<p>&nbsp;<\/p>\n<p>&nbsp;<\/p>\n<p>.<\/p>\n<p>Kanoterna vid Bollungen finns kvar september m\u00e5nad ut, vill ni hyra dem kan ni \u00e4ven d\u00e5 h\u00f6ra ev er till Maria.<\/p>\n<p><a href=\"http:\/\/sundalsryr.se\/wp-content\/uploads\/2018\/04\/received_10155878562422479.jpeg\"><img loading=\"lazy\" decoding=\"async\" class=\"alignright size-medium wp-image-4252\" src=\"http:\/\/sundalsryr.se\/wp-content\/uploads\/2018\/04\/received_10155878562422479-300x225.jpeg\" alt=\"\" width=\"300\" height=\"225\" srcset=\"http:\/\/sundalsryr.se\/wp-content\/uploads\/2018\/04\/received_10155878562422479-300x225.jpeg 300w, http:\/\/sundalsryr.se\/wp-content\/uploads\/2018\/04\/received_10155878562422479-768x576.jpeg 768w, http:\/\/sundalsryr.se\/wp-content\/uploads\/2018\/04\/received_10155878562422479-1024x768.jpeg 1024w\" sizes=\"(max-width: 300px) 100vw, 300px\" \/><\/a><\/p>\n<p>&nbsp;<\/p>\n<p>.<\/p>\n<p>&nbsp;<\/p>\n","protected":false},"excerpt":{"rendered":"<p>&nbsp; Det finns fortfarande platser kvar till f\u00f6rel\u00e4sningen med Birgitta Rasmusson nu p\u00e5 s\u00f6ndag den 16\/9. H\u00f6r av er till Maria Carlring,\u00a0maria.carlring@hotmail.com\u00a00702-743978 om ni vill vara med. Det kommer \u00e4ven finnas signerade b\u00f6cker till f\u00f6rs\u00e4ljning. &nbsp; &nbsp; &nbsp; &nbsp; &nbsp; &nbsp; &nbsp; &nbsp; . Kanoterna vid Bollungen finns kvar september m\u00e5nad ut, vill ni hyra&#8230;<\/p>\n","protected":false},"author":3,"featured_media":0,"comment_status":"open","ping_status":"open","sticky":false,"template":"","format":"standard","meta":{"_monsterinsights_skip_tracking":false,"_monsterinsights_sitenote_active":false,"_monsterinsights_sitenote_note":"","_monsterinsights_sitenote_category":0,"footnotes":""},"categories":[1],"tags":[],"class_list":["post-4368","post","type-post","status-publish","format-standard","hentry","category-aktuellt"],"_links":{"self":[{"href":"http:\/\/sundalsryr.se\/index.php?rest_route=\/wp\/v2\/posts\/4368"}],"collection":[{"href":"http:\/\/sundalsryr.se\/index.php?rest_route=\/wp\/v2\/posts"}],"about":[{"href":"http:\/\/sundalsryr.se\/index.php?rest_route=\/wp\/v2\/types\/post"}],"author":[{"embeddable":true,"href":"http:\/\/sundalsryr.se\/index.php?rest_route=\/wp\/v2\/users\/3"}],"replies":[{"embeddable":true,"href":"http:\/\/sundalsryr.se\/index.php?rest_route=%2Fwp%2Fv2%2Fcomments&post=4368"}],"version-history":[{"count":5,"href":"http:\/\/sundalsryr.se\/index.php?rest_route=\/wp\/v2\/posts\/4368\/revisions"}],"predecessor-version":[{"id":4376,"href":"http:\/\/sundalsryr.se\/index.php?rest_route=\/wp\/v2\/posts\/4368\/revisions\/4376"}],"wp:attachment":[{"href":"http:\/\/sundalsryr.se\/index.php?rest_route=%2Fwp%2Fv2%2Fmedia&parent=4368"}],"wp:term":[{"taxonomy":"category","embeddable":true,"href":"http:\/\/sundalsryr.se\/index.php?rest_route=%2Fwp%2Fv2%2Fcategories&post=4368"},{"taxonomy":"post_tag","embeddable":true,"href":"http:\/\/sundalsryr.se\/index.php?rest_route=%2Fwp%2Fv2%2Ftags&post=4368"}],"curies":[{"name":"wp","href":"https:\/\/api.w.org\/{rel}","templated":true}]}}