{"id":4405,"date":"2018-10-29T18:45:14","date_gmt":"2018-10-29T18:45:14","guid":{"rendered":"http:\/\/sundalsryr.se\/?p=4405"},"modified":"2018-10-29T18:45:14","modified_gmt":"2018-10-29T18:45:14","slug":"vatten-och-fiber","status":"publish","type":"post","link":"http:\/\/sundalsryr.se\/?p=4405","title":{"rendered":"Vatten och fiber"},"content":{"rendered":"<p><a href=\"http:\/\/sundalsryr.se\/wp-content\/uploads\/2018\/10\/bild_dricksvatten1-760x428.jpg\"><img loading=\"lazy\" decoding=\"async\" class=\"alignright size-medium wp-image-4406\" src=\"http:\/\/sundalsryr.se\/wp-content\/uploads\/2018\/10\/bild_dricksvatten1-760x428-300x169.jpg\" alt=\"\" width=\"300\" height=\"169\" srcset=\"http:\/\/sundalsryr.se\/wp-content\/uploads\/2018\/10\/bild_dricksvatten1-760x428-300x169.jpg 300w, http:\/\/sundalsryr.se\/wp-content\/uploads\/2018\/10\/bild_dricksvatten1-760x428.jpg 760w\" sizes=\"(max-width: 300px) 100vw, 300px\" \/><\/a><\/p>\n<p>&nbsp;<\/p>\n<p>Tack vare driftiga m\u00e4nniskor i v\u00e5r bygd, \u00e4r det snart 10 \u00e5r sedan Sundals ryr fick kommunalt vatten. N\u00e4r man gr\u00e4vde passade man p\u00e5 att \u00e4ven gr\u00e4va ner slang f\u00f6r fiber. S\u00e5 trots att vi bor i en ren landsortsbygd fick vi tillg\u00e5ng till bredband redan 2010\/2011.<\/p>\n<p>H\u00e4r \u00e4r lite information om vilka som sitter i vatten och fiberf\u00f6reningens styrelse och vart man kan v\u00e4nda sig om man har problem eller undrar \u00f6ver n\u00e5got.<\/p>\n<p>Ordf\u00f6rande Jan Theliander \u00c5rbol 0521-724214<\/p>\n<p>Sekreterare Benny Larsson K\u00e4rr 0521-35037<\/p>\n<p>Ekonomi Sture Fredriksson Sallebyn 070-6535029<\/p>\n<p>Ansvarig \u201dvatten\u201d Bengt-\u00e5ke Karlsson Torg\u00e4rderud 070-4415927<\/p>\n<p>Ansvarig \u201dFiber\u201d Roger Johansson Klypen 070-6553879<\/p>\n<p>&nbsp;<\/p>\n<p>.<\/p>\n","protected":false},"excerpt":{"rendered":"<p>&nbsp; Tack vare driftiga m\u00e4nniskor i v\u00e5r bygd, \u00e4r det snart 10 \u00e5r sedan Sundals ryr fick kommunalt vatten. N\u00e4r man gr\u00e4vde passade man p\u00e5 att \u00e4ven gr\u00e4va ner slang f\u00f6r fiber. S\u00e5 trots att vi bor i en ren landsortsbygd fick vi tillg\u00e5ng till bredband redan 2010\/2011. H\u00e4r \u00e4r lite information om vilka som&#8230;<\/p>\n","protected":false},"author":3,"featured_media":0,"comment_status":"open","ping_status":"open","sticky":false,"template":"","format":"standard","meta":{"_monsterinsights_skip_tracking":false,"_monsterinsights_sitenote_active":false,"_monsterinsights_sitenote_note":"","_monsterinsights_sitenote_category":0,"footnotes":""},"categories":[1,6],"tags":[],"class_list":["post-4405","post","type-post","status-publish","format-standard","hentry","category-aktuellt","category-fiber"],"_links":{"self":[{"href":"http:\/\/sundalsryr.se\/index.php?rest_route=\/wp\/v2\/posts\/4405"}],"collection":[{"href":"http:\/\/sundalsryr.se\/index.php?rest_route=\/wp\/v2\/posts"}],"about":[{"href":"http:\/\/sundalsryr.se\/index.php?rest_route=\/wp\/v2\/types\/post"}],"author":[{"embeddable":true,"href":"http:\/\/sundalsryr.se\/index.php?rest_route=\/wp\/v2\/users\/3"}],"replies":[{"embeddable":true,"href":"http:\/\/sundalsryr.se\/index.php?rest_route=%2Fwp%2Fv2%2Fcomments&post=4405"}],"version-history":[{"count":2,"href":"http:\/\/sundalsryr.se\/index.php?rest_route=\/wp\/v2\/posts\/4405\/revisions"}],"predecessor-version":[{"id":4409,"href":"http:\/\/sundalsryr.se\/index.php?rest_route=\/wp\/v2\/posts\/4405\/revisions\/4409"}],"wp:attachment":[{"href":"http:\/\/sundalsryr.se\/index.php?rest_route=%2Fwp%2Fv2%2Fmedia&parent=4405"}],"wp:term":[{"taxonomy":"category","embeddable":true,"href":"http:\/\/sundalsryr.se\/index.php?rest_route=%2Fwp%2Fv2%2Fcategories&post=4405"},{"taxonomy":"post_tag","embeddable":true,"href":"http:\/\/sundalsryr.se\/index.php?rest_route=%2Fwp%2Fv2%2Ftags&post=4405"}],"curies":[{"name":"wp","href":"https:\/\/api.w.org\/{rel}","templated":true}]}}