{"id":4460,"date":"2019-03-26T19:01:19","date_gmt":"2019-03-26T19:01:19","guid":{"rendered":"http:\/\/sundalsryr.se\/?p=4460"},"modified":"2019-03-26T19:03:46","modified_gmt":"2019-03-26T19:03:46","slug":"arsmotet-2019","status":"publish","type":"post","link":"http:\/\/sundalsryr.se\/?p=4460","title":{"rendered":"\u00c5rsm\u00f6tet 2019"},"content":{"rendered":"<p><a href=\"http:\/\/sundalsryr.se\/wp-content\/uploads\/2019\/03\/Screenshot_20190326-182119.png\"><img loading=\"lazy\" decoding=\"async\" class=\"aligncenter wp-image-4461\" src=\"http:\/\/sundalsryr.se\/wp-content\/uploads\/2019\/03\/Screenshot_20190326-182119-1024x1001.png\" alt=\"\" width=\"595\" height=\"582\" srcset=\"http:\/\/sundalsryr.se\/wp-content\/uploads\/2019\/03\/Screenshot_20190326-182119-1024x1001.png 1024w, http:\/\/sundalsryr.se\/wp-content\/uploads\/2019\/03\/Screenshot_20190326-182119-300x293.png 300w, http:\/\/sundalsryr.se\/wp-content\/uploads\/2019\/03\/Screenshot_20190326-182119-768x751.png 768w, http:\/\/sundalsryr.se\/wp-content\/uploads\/2019\/03\/Screenshot_20190326-182119.png 1061w\" sizes=\"(max-width: 595px) 100vw, 595px\" \/><\/a><\/p>\n<p>V\u00e5fflorna smakade som vanligt j\u00e4ttegott n\u00e4r byalaget hade \u00e5rsm\u00f6te och v\u00e5ffelkv\u00e4ll i Evenstorp p\u00e5 m\u00e5ndagskv\u00e4llen. Roger Johansson valdes till ordf\u00f6rande f\u00f6r m\u00f6tet och de f\u00f6rsta punkterna p\u00e5 dagordningen blev mest formalia d\u00e5 styrelsen valdes om helt of\u00f6r\u00e4ndrad. \u00c4ven revisorerna, styrgruppen f\u00f6r lederna och valberedningen \u00e4r of\u00f6r\u00e4ndrad.<\/p>\n<p>Kommande \u00e5r ser det allts\u00e5 ut som tidigare, ordf\u00f6rande Robert Olsson, H\u00e4ljebyn, sekreterare Maria Carlring, Katteberg, kass\u00f6r Marie Karlsson, \u00c5rbol, Andreas Karlsson, Bollerud, Louise Karlsson, Sallebyn och Anders Fryklund,\u00a0 Torg\u00e4rderud. Revisorer \u00e4r Kent Nilsson och Anita Aarsrud. I styrgruppen f\u00f6r aktivitetslederna sitter Susanne Broberg, Kristina Johansson och Bo Elofsson. \u00a0I valberedningen sitter Roger Johansson och Sandra Olsson.<\/p>\n<p>Under \u00e5ret har man haft en filmvisning d\u00e4r Jan Andersson visade filmen om Tora Alfredsson, 35 personer kom till visningen och det fanns \u00e4ven m\u00f6jlighet att tr\u00e4ffa Tora personligen. Man har ocks\u00e5 ordnat en mycket v\u00e4lbes\u00f6kt f\u00f6rel\u00e4sning om kafferepets historia med Birgitta Rasmusson, d\u00e5 kom 70 kaffesugna m\u00e4nniskor. Annat som man arrangerat \u00e4r en after work med cykeltipspromenad, badplatsst\u00e4dning, lerduveskytte, medverkan vid kyrkans frilufts gudstj\u00e4nst, gl\u00f6ggkv\u00e4ll och \u00e5rets nyhet h\u00f6h\u00e4ssjning, som blev mycket lyckad tack vare den torra sommaren. Kanoterna som man haft vid Bollungen fr\u00e5n april till september har varit uthyrda ett 20-tal g\u00e5nger.<\/p>\n<p>F\u00f6reningens ekonomi \u00e4r god, n\u00e4stan 70\u00a0000 finns det i tillg\u00e5ngar. Antalet medlemmar \u00e4r 85 familjer och 13 enskilda, vilket blir totalt 98. Det beslutades att medlemsavgiften ska vara of\u00f6r\u00e4ndrad.<\/p>\n<p>Under punkten \u201daktivitetsleden\u201d diskuterades det hur vi ska g\u00f6ra med kartan n\u00e4r alla exemplar som finns kvar \u00e4r s\u00e5lda. Ska man sl\u00e4ppa den som en datafil, som man kan ladda ner eller trycka den p\u00e5 nytt?\u00a0 Sofia ber\u00e4ttade att de s\u00e4ljer ganska m\u00e5nga p\u00e5 caf\u00e9t under en s\u00e4song och det beslutades d\u00e4rf\u00f6r att trycka fler kartor, men inte fler informationsbroschyrer.<\/p>\n<p>Verksamhetsplanen f\u00f6r resten av v\u00e5ren \u00e4r en vandring, p\u00e5sklunch p\u00e5 sk\u00e4rtorsdagen, cykeltipspromenad med grillning, badplatsst\u00e4dning och h\u00f6h\u00e4ssjning. Man planerar att l\u00e4gga kanoterna vid Bollungen i april. Ett extra arrangemang som inte st\u00e5r med i byabladet blir det den 19\/7 d\u00e5 det kommer finns m\u00f6jlighet att \u00e5ka helikopter \u00f6ver bygden, mer info kommer senare. Det pratades ocks\u00e5 om vad som \u00e4r byalaget uppgift, om framtiden och vad som egentligen st\u00e5r i stadgarna. Styrelsen meddelar att de g\u00e4rna tar emot f\u00f6rslag och tips p\u00e5 aktiviteter.<\/p>\n<p>D\u00e4refter f\u00f6ljde en livlig diskussion, d\u00e4r alla var eniga, om hur or\u00e4ttvist behandlade vi p\u00e5 landsbygden blir av att TTELA nu kommer att delas ut med posten h\u00e4r och d\u00e4rf\u00f6r kommer komma dagen efter utgivningsdagen! Det beslutades att byalaget ska skriva en ins\u00e4ndare f\u00f6r att protestera mot denna kr\u00e4nkande behandling av landsbygden.<\/p>\n<p>P\u00e5 \u00f6vriga fr\u00e5gor kom det upp f\u00f6rslag p\u00e5 att ge ett v\u00e4lkomst paket till nyinflyttade, exempelvis en karta \u00f6ver lederna och ett byablad. Vi pratade ocks\u00e5 om i fall det finns n\u00e5gon som \u00e4r intresserad av att vara med i styrelsen, som nu bara har 6 medlemmar, s\u00e5 \u00e4r den personen v\u00e4lkommen att vara med.<\/p>\n<p>S\u00e5 l\u00e4ggs \u00e4nnu ett \u00e5r till handlingarna och vi ser fram emot ett nytt, med ett stort engagemang i allas v\u00e5rt gemensamma byalag!<\/p>\n<p>&nbsp;<\/p>\n<p>\/Susanne Borss\u00e9n<\/p>\n<p>&nbsp;<\/p>\n<p>.<\/p>\n<p>&nbsp;<\/p>\n","protected":false},"excerpt":{"rendered":"<p>V\u00e5fflorna smakade som vanligt j\u00e4ttegott n\u00e4r byalaget hade \u00e5rsm\u00f6te och v\u00e5ffelkv\u00e4ll i Evenstorp p\u00e5 m\u00e5ndagskv\u00e4llen. Roger Johansson valdes till ordf\u00f6rande f\u00f6r m\u00f6tet och de f\u00f6rsta punkterna p\u00e5 dagordningen blev mest formalia d\u00e5 styrelsen valdes om helt of\u00f6r\u00e4ndrad. \u00c4ven revisorerna, styrgruppen f\u00f6r lederna och valberedningen \u00e4r of\u00f6r\u00e4ndrad. Kommande \u00e5r ser det allts\u00e5 ut som tidigare, ordf\u00f6rande&#8230;<\/p>\n","protected":false},"author":3,"featured_media":0,"comment_status":"open","ping_status":"open","sticky":false,"template":"","format":"standard","meta":{"_monsterinsights_skip_tracking":false,"_monsterinsights_sitenote_active":false,"_monsterinsights_sitenote_note":"","_monsterinsights_sitenote_category":0,"footnotes":""},"categories":[1,18],"tags":[],"class_list":["post-4460","post","type-post","status-publish","format-standard","hentry","category-aktuellt","category-arsmoten"],"_links":{"self":[{"href":"http:\/\/sundalsryr.se\/index.php?rest_route=\/wp\/v2\/posts\/4460"}],"collection":[{"href":"http:\/\/sundalsryr.se\/index.php?rest_route=\/wp\/v2\/posts"}],"about":[{"href":"http:\/\/sundalsryr.se\/index.php?rest_route=\/wp\/v2\/types\/post"}],"author":[{"embeddable":true,"href":"http:\/\/sundalsryr.se\/index.php?rest_route=\/wp\/v2\/users\/3"}],"replies":[{"embeddable":true,"href":"http:\/\/sundalsryr.se\/index.php?rest_route=%2Fwp%2Fv2%2Fcomments&post=4460"}],"version-history":[{"count":3,"href":"http:\/\/sundalsryr.se\/index.php?rest_route=\/wp\/v2\/posts\/4460\/revisions"}],"predecessor-version":[{"id":4464,"href":"http:\/\/sundalsryr.se\/index.php?rest_route=\/wp\/v2\/posts\/4460\/revisions\/4464"}],"wp:attachment":[{"href":"http:\/\/sundalsryr.se\/index.php?rest_route=%2Fwp%2Fv2%2Fmedia&parent=4460"}],"wp:term":[{"taxonomy":"category","embeddable":true,"href":"http:\/\/sundalsryr.se\/index.php?rest_route=%2Fwp%2Fv2%2Fcategories&post=4460"},{"taxonomy":"post_tag","embeddable":true,"href":"http:\/\/sundalsryr.se\/index.php?rest_route=%2Fwp%2Fv2%2Ftags&post=4460"}],"curies":[{"name":"wp","href":"https:\/\/api.w.org\/{rel}","templated":true}]}}