{"id":4465,"date":"2019-03-31T13:44:46","date_gmt":"2019-03-31T13:44:46","guid":{"rendered":"http:\/\/sundalsryr.se\/?p=4465"},"modified":"2019-03-31T13:44:46","modified_gmt":"2019-03-31T13:44:46","slug":"arsmote-for-vatten-och-bredbandsforeningen","status":"publish","type":"post","link":"http:\/\/sundalsryr.se\/?p=4465","title":{"rendered":"\u00c5rsm\u00f6te f\u00f6r Vatten och bredbandsf\u00f6reningen"},"content":{"rendered":"<p><strong>Kallelse\u00a0<\/strong><strong>till\u00a0<\/strong><strong>\u00e5rsst\u00e4mma\u00a0<\/strong><strong>med\u00a0<\/strong><strong>Samf\u00e4llighetsf\u00f6reningen\u00a0<\/strong><strong>Sundals-Ryrs vatten<br \/>\noch<\/strong> <strong>bredband.\u00a0<\/strong><strong>Tisdag 16 april 2019\u00a0\u00a0<\/strong><strong>Kl. 19.00 i\u00a0<\/strong><strong>F\u00f6rsamlingshemmet\u00a0<\/strong><strong>Sundals Ryr.<\/strong><\/p>\n<p>Varmt v\u00e4lkomna<\/p>\n<p><em>Styrelsen<\/em><\/p>\n<p>H\u00e4r finns dagordningen f\u00f6r m\u00f6tet\u00a0<a href=\"http:\/\/sundalsryr.se\/wp-content\/uploads\/2019\/03\/Dagordning-\u00e5rsst\u00e4mman-2019-S-Ryrs-vatten-o-bredband.doc\">Dagordning \u00e5rsst\u00e4mman 2019 S Ryrs vatten o bredband<\/a><\/p>\n<p>H\u00e4r finns <a href=\"http:\/\/sundalsryr.se\/wp-content\/uploads\/2019\/03\/Verksamhetsber\u00e4tt-2018-S-R-vatten-och-bredband-SF.pdf\">verksamhetsber\u00e4ttelsen f\u00f6r 2018 S R vatten och bredband SF<\/a><\/p>\n<p>H\u00e4r finns <a href=\"http:\/\/sundalsryr.se\/wp-content\/uploads\/2019\/03\/S-R-resultatr\u00e4kning-2018.pdf\">resultatr\u00e4kningen f\u00f6r 2018<\/a><\/p>\n<p>H\u00e4r finns <a href=\"http:\/\/sundalsryr.se\/wp-content\/uploads\/2019\/03\/S-R-Budget-2019-.pdf\">budgeten f\u00f6r 2019<\/a><\/p>\n","protected":false},"excerpt":{"rendered":"<p>Kallelse\u00a0till\u00a0\u00e5rsst\u00e4mma\u00a0med\u00a0Samf\u00e4llighetsf\u00f6reningen\u00a0Sundals-Ryrs vatten och bredband.\u00a0Tisdag 16 april 2019\u00a0\u00a0Kl. 19.00 i\u00a0F\u00f6rsamlingshemmet\u00a0Sundals Ryr. Varmt v\u00e4lkomna Styrelsen H\u00e4r finns dagordningen f\u00f6r m\u00f6tet\u00a0Dagordning \u00e5rsst\u00e4mman 2019 S Ryrs vatten o bredband H\u00e4r finns verksamhetsber\u00e4ttelsen f\u00f6r 2018 S R vatten och bredband SF H\u00e4r finns resultatr\u00e4kningen f\u00f6r 2018 H\u00e4r finns budgeten f\u00f6r 2019<\/p>\n","protected":false},"author":3,"featured_media":0,"comment_status":"open","ping_status":"open","sticky":false,"template":"","format":"standard","meta":{"_monsterinsights_skip_tracking":false,"_monsterinsights_sitenote_active":false,"_monsterinsights_sitenote_note":"","_monsterinsights_sitenote_category":0,"footnotes":""},"categories":[1,6],"tags":[],"class_list":["post-4465","post","type-post","status-publish","format-standard","hentry","category-aktuellt","category-fiber"],"_links":{"self":[{"href":"http:\/\/sundalsryr.se\/index.php?rest_route=\/wp\/v2\/posts\/4465"}],"collection":[{"href":"http:\/\/sundalsryr.se\/index.php?rest_route=\/wp\/v2\/posts"}],"about":[{"href":"http:\/\/sundalsryr.se\/index.php?rest_route=\/wp\/v2\/types\/post"}],"author":[{"embeddable":true,"href":"http:\/\/sundalsryr.se\/index.php?rest_route=\/wp\/v2\/users\/3"}],"replies":[{"embeddable":true,"href":"http:\/\/sundalsryr.se\/index.php?rest_route=%2Fwp%2Fv2%2Fcomments&post=4465"}],"version-history":[{"count":1,"href":"http:\/\/sundalsryr.se\/index.php?rest_route=\/wp\/v2\/posts\/4465\/revisions"}],"predecessor-version":[{"id":4470,"href":"http:\/\/sundalsryr.se\/index.php?rest_route=\/wp\/v2\/posts\/4465\/revisions\/4470"}],"wp:attachment":[{"href":"http:\/\/sundalsryr.se\/index.php?rest_route=%2Fwp%2Fv2%2Fmedia&parent=4465"}],"wp:term":[{"taxonomy":"category","embeddable":true,"href":"http:\/\/sundalsryr.se\/index.php?rest_route=%2Fwp%2Fv2%2Fcategories&post=4465"},{"taxonomy":"post_tag","embeddable":true,"href":"http:\/\/sundalsryr.se\/index.php?rest_route=%2Fwp%2Fv2%2Ftags&post=4465"}],"curies":[{"name":"wp","href":"https:\/\/api.w.org\/{rel}","templated":true}]}}