{"id":4471,"date":"2019-04-03T12:30:09","date_gmt":"2019-04-03T12:30:09","guid":{"rendered":"http:\/\/sundalsryr.se\/?p=4471"},"modified":"2019-04-03T12:30:09","modified_gmt":"2019-04-03T12:30:09","slug":"insandaren","status":"publish","type":"post","link":"http:\/\/sundalsryr.se\/?p=4471","title":{"rendered":"Ins\u00e4ndaren"},"content":{"rendered":"<p>Vid \u00e5rsm\u00f6tet fick byalaget i uppdrag att skriva en ins\u00e4ndare om den or\u00e4ttvisa f\u00f6r\u00e4ndringen av tidningsutdelningen p\u00e5 landsbygden. Nu \u00e4r den klar och inskickad till ttela och Melleruds nyheter. Br\u00e5landa v\u00e4ntj\u00e4nst och &#8221;aktiva gubbar&#8221; st\u00e4ller sig ocks\u00e5 bakom, d\u00e4rf\u00f6r st\u00e5r \u00e4ven de med som avs\u00e4ndare. Nu \u00e5terst\u00e5r att se om den kommer med i tidningen&#8230;.<\/p>\n<p>&nbsp;<\/p>\n<p>&nbsp;<\/p>\n<p style=\"padding-left: 30px;\">\n<p style=\"padding-left: 90px;\"><span style=\"color: #0000ff;\">Vi har f\u00e5tt beskedet att fr\u00e5n mitten av april kommer morgontidningarna p\u00e5 landsbygden delas ut dagen efter utgivningsdag. Fredags och l\u00f6rdagstidningen kommer dr\u00f6ja \u00e4nda till m\u00e5ndagen. Denna or\u00e4ttvisa kan vi landsbygdsbor inte finna oss i.<\/span><\/p>\n<p style=\"padding-left: 90px;\"><span style=\"color: #0000ff;\">Att man upph\u00f6r med att k\u00f6ra dubbla turer, posten och VTD, av milj\u00f6h\u00e4nsyn och ekonomiska orsaker kan vi f\u00f6rst\u00e5. Men posten har delat ut tidningen p\u00e5 utgivningsdagen i m\u00e5nga \u00e5r innan VTD kom in i bilden och det borde inte finnas n\u00e5got som hindrar att de g\u00f6r det igen.<\/span><\/p>\n<p style=\"padding-left: 90px;\"><span style=\"color: #0000ff;\">En tidnings uppgift \u00e4r att opartiskt f\u00f6rmedla nyheter och belysa or\u00e4ttvisor. Man g\u00e5r nu stick i st\u00e4v mot sitt eget uppdrag n\u00e4r man g\u00f6r skillnad p\u00e5 landsbygd och stad. Landsbygdsbor \u00e4r inga andra klassens medborgare som tolererar att l\u00e4sa gamla nyheter, en utg\u00e5ngen tv-tabl\u00e5 eller v\u00e4derprognosen i efterhand.<\/span><\/p>\n<p style=\"padding-left: 90px;\"><span style=\"color: #0000ff;\">Att fler och fler v\u00e4ljer att l\u00e4sa tidningen p\u00e5 n\u00e4tet ligger i tiden, men det \u00e4r fortfarande m\u00e5ngdubbelt mer som l\u00e4ser papperstidningen. Framf\u00f6r allt \u00e4r det en diskriminering av \u00e4ldre, en grupp som \u00e4r tillr\u00e4ckligt or\u00e4ttvist behandlande i dagens teknik\u00f6verskattade samh\u00e4lle, utan att man beh\u00f6ver ta ifr\u00e5n dem deras dagstidning. Och ingen, oavsett \u00e5lder, vill v\u00e4l betala f\u00f6r en gammal tidning.<\/span><\/p>\n<p style=\"padding-left: 90px;\"><span style=\"color: #0000ff;\"><em>Hela Sverige ska leva <\/em>f\u00e5r inte bara vara en tom slogan. St\u00e4derna \u00e4r och kommer alltid vara beroende av en v\u00e4l fungerande landsbygd. Om inte alla hj\u00e4lps \u00e5t att aktivt j\u00e4mna ut villkoren och utpl\u00e5na or\u00e4ttvisorna, kommer alla bli f\u00f6rlorare i framtiden. M\u00e4nniskov\u00e4rdet f\u00e5r aldrig avg\u00f6ras av var man bor och prenumeranter p\u00e5 landet vill ha sin tidning p\u00e5 utgivningsdagen precis som alla andra.<\/span><\/p>\n<p>&nbsp;<\/p>\n<p style=\"text-align: right;\"><span style=\"color: #0000ff;\"><strong>Sundals ryrs byalag <\/strong><\/span><\/p>\n<p style=\"text-align: right;\"><span style=\"color: #0000ff;\"><strong>Br\u00e5landa v\u00e4ntj\u00e4nst<\/strong><\/span><\/p>\n<p style=\"text-align: right;\"><span style=\"color: #0000ff;\"><strong>Sammanslutningen 85 aktiva gubbar<\/strong><\/span><\/p>\n<p>&nbsp;<\/p>\n<p>&nbsp;<\/p>\n<p>.<\/p>\n","protected":false},"excerpt":{"rendered":"<p>Vid \u00e5rsm\u00f6tet fick byalaget i uppdrag att skriva en ins\u00e4ndare om den or\u00e4ttvisa f\u00f6r\u00e4ndringen av tidningsutdelningen p\u00e5 landsbygden. Nu \u00e4r den klar och inskickad till ttela och Melleruds nyheter. Br\u00e5landa v\u00e4ntj\u00e4nst och &#8221;aktiva gubbar&#8221; st\u00e4ller sig ocks\u00e5 bakom, d\u00e4rf\u00f6r st\u00e5r \u00e4ven de med som avs\u00e4ndare. Nu \u00e5terst\u00e5r att se om den kommer med i tidningen&#8230;&#8230;.<\/p>\n","protected":false},"author":3,"featured_media":0,"comment_status":"open","ping_status":"open","sticky":false,"template":"","format":"standard","meta":{"_monsterinsights_skip_tracking":false,"_monsterinsights_sitenote_active":false,"_monsterinsights_sitenote_note":"","_monsterinsights_sitenote_category":0,"footnotes":""},"categories":[1],"tags":[],"class_list":["post-4471","post","type-post","status-publish","format-standard","hentry","category-aktuellt"],"_links":{"self":[{"href":"http:\/\/sundalsryr.se\/index.php?rest_route=\/wp\/v2\/posts\/4471"}],"collection":[{"href":"http:\/\/sundalsryr.se\/index.php?rest_route=\/wp\/v2\/posts"}],"about":[{"href":"http:\/\/sundalsryr.se\/index.php?rest_route=\/wp\/v2\/types\/post"}],"author":[{"embeddable":true,"href":"http:\/\/sundalsryr.se\/index.php?rest_route=\/wp\/v2\/users\/3"}],"replies":[{"embeddable":true,"href":"http:\/\/sundalsryr.se\/index.php?rest_route=%2Fwp%2Fv2%2Fcomments&post=4471"}],"version-history":[{"count":2,"href":"http:\/\/sundalsryr.se\/index.php?rest_route=\/wp\/v2\/posts\/4471\/revisions"}],"predecessor-version":[{"id":4473,"href":"http:\/\/sundalsryr.se\/index.php?rest_route=\/wp\/v2\/posts\/4471\/revisions\/4473"}],"wp:attachment":[{"href":"http:\/\/sundalsryr.se\/index.php?rest_route=%2Fwp%2Fv2%2Fmedia&parent=4471"}],"wp:term":[{"taxonomy":"category","embeddable":true,"href":"http:\/\/sundalsryr.se\/index.php?rest_route=%2Fwp%2Fv2%2Fcategories&post=4471"},{"taxonomy":"post_tag","embeddable":true,"href":"http:\/\/sundalsryr.se\/index.php?rest_route=%2Fwp%2Fv2%2Ftags&post=4471"}],"curies":[{"name":"wp","href":"https:\/\/api.w.org\/{rel}","templated":true}]}}