{"id":4481,"date":"2019-04-19T19:08:11","date_gmt":"2019-04-19T19:08:11","guid":{"rendered":"http:\/\/sundalsryr.se\/?p=4481"},"modified":"2019-04-19T19:08:11","modified_gmt":"2019-04-19T19:08:11","slug":"pasklunch-2","status":"publish","type":"post","link":"http:\/\/sundalsryr.se\/?p=4481","title":{"rendered":"P\u00e5sklunch"},"content":{"rendered":"<p><a href=\"http:\/\/sundalsryr.se\/wp-content\/uploads\/2019\/04\/DSC_0251.jpg\"><img loading=\"lazy\" decoding=\"async\" class=\"aligncenter  wp-image-4482\" src=\"http:\/\/sundalsryr.se\/wp-content\/uploads\/2019\/04\/DSC_0251-1024x576.jpg\" alt=\"\" width=\"702\" height=\"395\" srcset=\"http:\/\/sundalsryr.se\/wp-content\/uploads\/2019\/04\/DSC_0251-1024x576.jpg 1024w, http:\/\/sundalsryr.se\/wp-content\/uploads\/2019\/04\/DSC_0251-300x169.jpg 300w, http:\/\/sundalsryr.se\/wp-content\/uploads\/2019\/04\/DSC_0251-768x432.jpg 768w\" sizes=\"(max-width: 702px) 100vw, 702px\" \/><\/a><\/p>\n<p>Det blev en solig sk\u00e4rtorsdag i dubbel bem\u00e4rkelse n\u00e4r byalaget bj\u00f6d till p\u00e5sklunch. M\u00e5nga kom och maten var mycket uppskattad. Ungef\u00e4r 40 betalande, ett 10-tal barn (som \u00e5t gratis) och 5 k\u00f6kspersonal l\u00e4t sig v\u00e4l smaka av buff\u00e9n. Eftersom vi inte fick hyra f\u00f6rsamlingshemmet, var vi i SK Granans skidstuga. Den \u00e4r mycket trevlig och det blir en familj\u00e4r st\u00e4mning, dock \u00e4r k\u00f6ket inte helt optimalt f\u00f6r mat till s\u00e5 m\u00e5nga. Men disken klarades av med hum\u00f6ret p\u00e5 topp efter m\u00e5nga lovord och uppskattande ber\u00f6m. Det v\u00e4rmer ska ni veta!<\/p>\n<p><a href=\"http:\/\/sundalsryr.se\/wp-content\/uploads\/2019\/04\/DSC_0255.jpg\"><img loading=\"lazy\" decoding=\"async\" class=\"aligncenter  wp-image-4483\" src=\"http:\/\/sundalsryr.se\/wp-content\/uploads\/2019\/04\/DSC_0255-1024x576.jpg\" alt=\"\" width=\"601\" height=\"338\" srcset=\"http:\/\/sundalsryr.se\/wp-content\/uploads\/2019\/04\/DSC_0255-1024x576.jpg 1024w, http:\/\/sundalsryr.se\/wp-content\/uploads\/2019\/04\/DSC_0255-300x169.jpg 300w, http:\/\/sundalsryr.se\/wp-content\/uploads\/2019\/04\/DSC_0255-768x432.jpg 768w\" sizes=\"(max-width: 601px) 100vw, 601px\" \/><\/a><\/p>\n<p><a href=\"http:\/\/sundalsryr.se\/wp-content\/uploads\/2019\/04\/DSC_0257.jpg\"><img loading=\"lazy\" decoding=\"async\" class=\"aligncenter  wp-image-4484\" src=\"http:\/\/sundalsryr.se\/wp-content\/uploads\/2019\/04\/DSC_0257-1024x576.jpg\" alt=\"\" width=\"603\" height=\"339\" srcset=\"http:\/\/sundalsryr.se\/wp-content\/uploads\/2019\/04\/DSC_0257-1024x576.jpg 1024w, http:\/\/sundalsryr.se\/wp-content\/uploads\/2019\/04\/DSC_0257-300x169.jpg 300w, http:\/\/sundalsryr.se\/wp-content\/uploads\/2019\/04\/DSC_0257-768x432.jpg 768w\" sizes=\"(max-width: 603px) 100vw, 603px\" \/><\/a><\/p>\n<p>Vi fick flera fr\u00e5gor om \u201dden gr\u00f6na sillen\u201d, den \u00e4r j\u00e4ttel\u00e4tt att g\u00f6ra, h\u00e4r kommer receptet:<\/p>\n<p><strong>\u00d6rtag\u00e5rdssill<\/strong><\/p>\n<p>2 f\u00f6rpackningar 5-minuters inl\u00e4ggningssill<\/p>\n<p>1 kruka basilika<\/p>\n<p>1 liten knippa dill<\/p>\n<p>1 vitl\u00f6ksklyfta<\/p>\n<p>1 \u00e4gg<\/p>\n<p>3 msk senap<\/p>\n<p>1 msk vin\u00e4ger<\/p>\n<p>\u00bd tsk salt<\/p>\n<p>1 krm peppar<\/p>\n<p>1 dl olja<\/p>\n<p>2 dl cr\u00e9me fraiche<\/p>\n<p>&nbsp;<\/p>\n<p>L\u00e5t sillen rinna av och sk\u00e4r den i bitar. Repa bladen fr\u00e5n basilikan och dillen, skala vitl\u00f6ksklyftan. L\u00e4gg \u00f6rterna och vitl\u00f6k i en h\u00f6g sk\u00e5l. Tills\u00e4tt \u00e4gg, senap, vin\u00e4ger, kryddor och olja. Mixa med stavmixer \u00a0till en gr\u00f6n s\u00e5s. R\u00f6r i Cr\u00e9me fraichen. Varva med sillen i en burk, st\u00e4ll kallt i ca ett dygn.<\/p>\n<p>&nbsp;<\/p>\n<p>\/Susanne Borss\u00e9n<\/p>\n<p>&nbsp;<\/p>\n<p>.<\/p>\n","protected":false},"excerpt":{"rendered":"<p>Det blev en solig sk\u00e4rtorsdag i dubbel bem\u00e4rkelse n\u00e4r byalaget bj\u00f6d till p\u00e5sklunch. M\u00e5nga kom och maten var mycket uppskattad. Ungef\u00e4r 40 betalande, ett 10-tal barn (som \u00e5t gratis) och 5 k\u00f6kspersonal l\u00e4t sig v\u00e4l smaka av buff\u00e9n. Eftersom vi inte fick hyra f\u00f6rsamlingshemmet, var vi i SK Granans skidstuga. Den \u00e4r mycket trevlig och&#8230;<\/p>\n","protected":false},"author":3,"featured_media":0,"comment_status":"open","ping_status":"open","sticky":false,"template":"","format":"standard","meta":{"_monsterinsights_skip_tracking":false,"_monsterinsights_sitenote_active":false,"_monsterinsights_sitenote_note":"","_monsterinsights_sitenote_category":0,"footnotes":""},"categories":[1],"tags":[],"class_list":["post-4481","post","type-post","status-publish","format-standard","hentry","category-aktuellt"],"_links":{"self":[{"href":"http:\/\/sundalsryr.se\/index.php?rest_route=\/wp\/v2\/posts\/4481"}],"collection":[{"href":"http:\/\/sundalsryr.se\/index.php?rest_route=\/wp\/v2\/posts"}],"about":[{"href":"http:\/\/sundalsryr.se\/index.php?rest_route=\/wp\/v2\/types\/post"}],"author":[{"embeddable":true,"href":"http:\/\/sundalsryr.se\/index.php?rest_route=\/wp\/v2\/users\/3"}],"replies":[{"embeddable":true,"href":"http:\/\/sundalsryr.se\/index.php?rest_route=%2Fwp%2Fv2%2Fcomments&post=4481"}],"version-history":[{"count":2,"href":"http:\/\/sundalsryr.se\/index.php?rest_route=\/wp\/v2\/posts\/4481\/revisions"}],"predecessor-version":[{"id":4486,"href":"http:\/\/sundalsryr.se\/index.php?rest_route=\/wp\/v2\/posts\/4481\/revisions\/4486"}],"wp:attachment":[{"href":"http:\/\/sundalsryr.se\/index.php?rest_route=%2Fwp%2Fv2%2Fmedia&parent=4481"}],"wp:term":[{"taxonomy":"category","embeddable":true,"href":"http:\/\/sundalsryr.se\/index.php?rest_route=%2Fwp%2Fv2%2Fcategories&post=4481"},{"taxonomy":"post_tag","embeddable":true,"href":"http:\/\/sundalsryr.se\/index.php?rest_route=%2Fwp%2Fv2%2Ftags&post=4481"}],"curies":[{"name":"wp","href":"https:\/\/api.w.org\/{rel}","templated":true}]}}