{"id":4531,"date":"2019-05-06T19:38:56","date_gmt":"2019-05-06T19:38:56","guid":{"rendered":"http:\/\/sundalsryr.se\/?p=4531"},"modified":"2019-05-06T19:42:36","modified_gmt":"2019-05-06T19:42:36","slug":"varvandring-2","status":"publish","type":"post","link":"http:\/\/sundalsryr.se\/?p=4531","title":{"rendered":"V\u00e5rvandring"},"content":{"rendered":"<p>I vanlig ordning sken solen n\u00e4r byalaget hade vandring vid bokskogen p\u00e5 Kroppefj\u00e4ll. Kan faktiskt bara minnas en enda vandring under alla \u00e5r d\u00e5 det regnat. Vi samlades vid l\u00f6vskogen ungef\u00e4r en kilometer norr om Granan. N\u00e4r ryggs\u00e4ckarna var p\u00e5 plats och k\u00e4ngorna knutna tog vi rygg p\u00e5 v\u00e5r guide f\u00f6r dagen, Sigvard Lindhe.\u00a0<a href=\"http:\/\/sundalsryr.se\/wp-content\/uploads\/2019\/05\/DSC_0753.jpg\"><img loading=\"lazy\" decoding=\"async\" class=\"alignright wp-image-4532\" src=\"http:\/\/sundalsryr.se\/wp-content\/uploads\/2019\/05\/DSC_0753-169x300.jpg\" alt=\"\" width=\"214\" height=\"380\" srcset=\"http:\/\/sundalsryr.se\/wp-content\/uploads\/2019\/05\/DSC_0753-169x300.jpg 169w, http:\/\/sundalsryr.se\/wp-content\/uploads\/2019\/05\/DSC_0753-768x1365.jpg 768w, http:\/\/sundalsryr.se\/wp-content\/uploads\/2019\/05\/DSC_0753-576x1024.jpg 576w\" sizes=\"(max-width: 214px) 100vw, 214px\" \/><\/a><\/p>\n<p>&nbsp;<\/p>\n<p>Efter bara en liten bit s\u00f6derut tog vi av mot v\u00e4ster och kom ganska snart till torpet Lunnekullen. H\u00e4r bodde i mitten och slutet av 1800-talet en Jacob Andersson med sin familj, men det \u00e4r fr\u00e4mst en av s\u00f6nerna vi fascineras av, den blinde Kalle. Han skickades till Manillaskolan i Stockholm som p\u00e5 den tiden var skola f\u00f6r blinda och d\u00f6va. D\u00e4r fick han l\u00e4ra sig spela och bygga fioler. Det ber\u00e4ttas att n\u00e4r han senare kom tillbaka till hemmet, fick han hj\u00e4lp av v\u00e4nliga grannar med att tex ta upp potatis d\u00e5 \u00a0satt han under tiden p\u00e5 g\u00e4rdsg\u00e5rden och spelade f\u00f6r dem.<\/p>\n<p>&nbsp;<\/p>\n<p>S\u00e5 v\u00e4nder vi helt om och g\u00e5r \u00f6sterut, ner fr\u00e5n fj\u00e4llet. H\u00e4r \u00e4r stigen slingrande, besv\u00e4rlig och stenig. Vi s\u00e4nder en tanke till \u201dblinne Kalle\u201d som m\u00e5ste g\u00e5tt denna stig m\u00e5nga g\u00e5nger utan att se n\u00e5got. Lunneklev heter just den bergsskreva, men det finns m\u00e5nga fler. Sigvard ber\u00e4ttar att h\u00e4r finns en fastighetsgr\u00e4ns p\u00e5 kartan som \u00e4r taggig som ett s\u00e5gblad, med 77 linjer! F\u00f6rmodligen f\u00f6r att man \u00e4ven tog h\u00e4nsyn till h\u00f6jden n\u00e4r man drog gr\u00e4nsen.<\/p>\n<figure id=\"attachment_4533\" aria-describedby=\"caption-attachment-4533\" style=\"width: 518px\" class=\"wp-caption aligncenter\"><a href=\"http:\/\/sundalsryr.se\/wp-content\/uploads\/2019\/05\/DSC_0760.jpg\"><img loading=\"lazy\" decoding=\"async\" class=\" wp-image-4533\" src=\"http:\/\/sundalsryr.se\/wp-content\/uploads\/2019\/05\/DSC_0760-576x1024.jpg\" alt=\"\" width=\"518\" height=\"921\" srcset=\"http:\/\/sundalsryr.se\/wp-content\/uploads\/2019\/05\/DSC_0760-576x1024.jpg 576w, http:\/\/sundalsryr.se\/wp-content\/uploads\/2019\/05\/DSC_0760-169x300.jpg 169w, http:\/\/sundalsryr.se\/wp-content\/uploads\/2019\/05\/DSC_0760-768x1365.jpg 768w\" sizes=\"(max-width: 518px) 100vw, 518px\" \/><\/a><figcaption id=\"caption-attachment-4533\" class=\"wp-caption-text\">Sandb\u00e4cken<\/figcaption><\/figure>\n<p>Sandb\u00e4cken \u00e4r v\u00e5rt n\u00e4sta h\u00e5llpunkt, torkan har gjort att det bara rinner lite, lite vatten i den. Vi beklagar oss en stund \u00f6ver bristen p\u00e5 regn och hoppas att det inte ska bli som f\u00f6rra sommaren.<\/p>\n<p>S\u00e5 kommer vi till Tr\u00f6tatorpet. D\u00e4r bodde Soffi, hon dog \u00e5r 1943, 92 \u00e5r gammal. S\u00e5vitt man vet bodde hon p\u00e5 torpet \u00e4nda till slutet. Det finns en liten sl\u00e4t pl\u00e4tt framf\u00f6r ruinen, annars \u00e4r det bara stenblock runtom. Soffi var en riktig kraftkvinna som gjorde dagsverk runt om i bygden. H\u00e4r plockar vi fram v\u00e5ra termosar och tar en liten paus.<\/p>\n<figure id=\"attachment_4534\" aria-describedby=\"caption-attachment-4534\" style=\"width: 710px\" class=\"wp-caption aligncenter\"><a href=\"http:\/\/sundalsryr.se\/wp-content\/uploads\/2019\/05\/001.jpg\"><img loading=\"lazy\" decoding=\"async\" class=\" wp-image-4534\" src=\"http:\/\/sundalsryr.se\/wp-content\/uploads\/2019\/05\/001-1024x626.jpg\" alt=\"\" width=\"710\" height=\"434\" srcset=\"http:\/\/sundalsryr.se\/wp-content\/uploads\/2019\/05\/001-1024x626.jpg 1024w, http:\/\/sundalsryr.se\/wp-content\/uploads\/2019\/05\/001-300x183.jpg 300w, http:\/\/sundalsryr.se\/wp-content\/uploads\/2019\/05\/001-768x469.jpg 768w, http:\/\/sundalsryr.se\/wp-content\/uploads\/2019\/05\/001.jpg 1614w\" sizes=\"(max-width: 710px) 100vw, 710px\" \/><\/a><figcaption id=\"caption-attachment-4534\" class=\"wp-caption-text\">Tr\u00f6taSoffi<\/figcaption><\/figure>\n<figure id=\"attachment_4535\" aria-describedby=\"caption-attachment-4535\" style=\"width: 711px\" class=\"wp-caption aligncenter\"><a href=\"http:\/\/sundalsryr.se\/wp-content\/uploads\/2019\/05\/DSC_0766.jpg\"><img loading=\"lazy\" decoding=\"async\" class=\"wp-image-4535\" src=\"http:\/\/sundalsryr.se\/wp-content\/uploads\/2019\/05\/DSC_0766-1024x576.jpg\" alt=\"\" width=\"711\" height=\"400\" srcset=\"http:\/\/sundalsryr.se\/wp-content\/uploads\/2019\/05\/DSC_0766-1024x576.jpg 1024w, http:\/\/sundalsryr.se\/wp-content\/uploads\/2019\/05\/DSC_0766-300x169.jpg 300w, http:\/\/sundalsryr.se\/wp-content\/uploads\/2019\/05\/DSC_0766-768x432.jpg 768w\" sizes=\"(max-width: 711px) 100vw, 711px\" \/><\/a><figcaption id=\"caption-attachment-4535\" class=\"wp-caption-text\">12 personer var med p\u00e5 vandringen denna g\u00e5ng<\/figcaption><\/figure>\n<p>P\u00e5 v\u00e4g tillbaka till bilarna g\u00e5r vi f\u00f6rbi platsen som kallas \u201dtullporten\u201d h\u00e4r h\u00f6ll det till en skogvaktare som hade uppsikt \u00f6ver v\u00e4gen s\u00e5 att ingen obeh\u00f6rig kunde stj\u00e4la virke p\u00e5 fj\u00e4llet. Under hela v\u00e5r vandring har vi njutit av fin natur, bokskogen \u00e4r underbar p\u00e5 v\u00e5ren, och som vanligt har vi pratat om allt mellan himmel och jord under v\u00e5r promenad. Ett h\u00e4rligt s\u00e4tt att umg\u00e5s. Socialt samtidigt som man f\u00e5r motion. Tillbaka vi bilarna tackar vi v\u00e5r guide och hoppas att byalaget ordnar fler vandringar.<\/p>\n<p>&nbsp;<\/p>\n<p>\/Susanne Borss\u00e9n<\/p>\n<p>&nbsp;<\/p>\n<p>.<\/p>\n","protected":false},"excerpt":{"rendered":"<p>I vanlig ordning sken solen n\u00e4r byalaget hade vandring vid bokskogen p\u00e5 Kroppefj\u00e4ll. Kan faktiskt bara minnas en enda vandring under alla \u00e5r d\u00e5 det regnat. Vi samlades vid l\u00f6vskogen ungef\u00e4r en kilometer norr om Granan. N\u00e4r ryggs\u00e4ckarna var p\u00e5 plats och k\u00e4ngorna knutna tog vi rygg p\u00e5 v\u00e5r guide f\u00f6r dagen, Sigvard Lindhe.\u00a0 &nbsp;&#8230;<\/p>\n","protected":false},"author":3,"featured_media":0,"comment_status":"open","ping_status":"open","sticky":false,"template":"","format":"standard","meta":{"_monsterinsights_skip_tracking":false,"_monsterinsights_sitenote_active":false,"_monsterinsights_sitenote_note":"","_monsterinsights_sitenote_category":0,"footnotes":""},"categories":[1],"tags":[],"class_list":["post-4531","post","type-post","status-publish","format-standard","hentry","category-aktuellt"],"_links":{"self":[{"href":"http:\/\/sundalsryr.se\/index.php?rest_route=\/wp\/v2\/posts\/4531"}],"collection":[{"href":"http:\/\/sundalsryr.se\/index.php?rest_route=\/wp\/v2\/posts"}],"about":[{"href":"http:\/\/sundalsryr.se\/index.php?rest_route=\/wp\/v2\/types\/post"}],"author":[{"embeddable":true,"href":"http:\/\/sundalsryr.se\/index.php?rest_route=\/wp\/v2\/users\/3"}],"replies":[{"embeddable":true,"href":"http:\/\/sundalsryr.se\/index.php?rest_route=%2Fwp%2Fv2%2Fcomments&post=4531"}],"version-history":[{"count":4,"href":"http:\/\/sundalsryr.se\/index.php?rest_route=\/wp\/v2\/posts\/4531\/revisions"}],"predecessor-version":[{"id":4539,"href":"http:\/\/sundalsryr.se\/index.php?rest_route=\/wp\/v2\/posts\/4531\/revisions\/4539"}],"wp:attachment":[{"href":"http:\/\/sundalsryr.se\/index.php?rest_route=%2Fwp%2Fv2%2Fmedia&parent=4531"}],"wp:term":[{"taxonomy":"category","embeddable":true,"href":"http:\/\/sundalsryr.se\/index.php?rest_route=%2Fwp%2Fv2%2Fcategories&post=4531"},{"taxonomy":"post_tag","embeddable":true,"href":"http:\/\/sundalsryr.se\/index.php?rest_route=%2Fwp%2Fv2%2Ftags&post=4531"}],"curies":[{"name":"wp","href":"https:\/\/api.w.org\/{rel}","templated":true}]}}