{"id":457,"date":"2011-03-04T20:34:21","date_gmt":"2011-03-04T20:34:21","guid":{"rendered":"http:\/\/sundalsryr.se\/?p=457"},"modified":"2011-03-02T20:44:44","modified_gmt":"2011-03-02T20:44:44","slug":"tjejfest-pa-granan","status":"publish","type":"post","link":"http:\/\/sundalsryr.se\/?p=457","title":{"rendered":"Tjejfest p\u00e5 Granan"},"content":{"rendered":"<p>\u00c5rets tjejfest p\u00e5 Granan <strong>fredagen den 18 mars<\/strong> har temat huvudbonad- anv\u00e4nd fantasin! Det blir v\u00e4lkomstdrink, huvudr\u00e4tt, dryck till maten, efterr\u00e4tt och kaffe och kaka f\u00f6r 120 kr. Dryck ut\u00f6ver maten f\u00e5r man ta med sj\u00e4lv. Under kv\u00e4llen blir det trevligheter och annat sm\u00e5tt och gott!! Klockan 19.00 vid skidstugan p\u00e5 Granan. Anm\u00e4lan <em>senast 13 mars<\/em> till AnnChristin (Assi) 30977, 073-6426610 eller Anita 35004 <a href=\"mailto:christian.anita@telia.com\">christian.anita@telia.com<\/a><\/p>\n","protected":false},"excerpt":{"rendered":"<p>\u00c5rets tjejfest p\u00e5 Granan fredagen den 18 mars har temat huvudbonad- anv\u00e4nd fantasin! Det blir v\u00e4lkomstdrink, huvudr\u00e4tt, dryck till maten, efterr\u00e4tt och kaffe och kaka f\u00f6r 120 kr. Dryck ut\u00f6ver maten f\u00e5r man ta med sj\u00e4lv. Under kv\u00e4llen blir det trevligheter och annat sm\u00e5tt och gott!! Klockan 19.00 vid skidstugan p\u00e5 Granan. Anm\u00e4lan senast 13&#8230;<\/p>\n","protected":false},"author":2,"featured_media":0,"comment_status":"open","ping_status":"open","sticky":false,"template":"","format":"standard","meta":{"_monsterinsights_skip_tracking":false,"_monsterinsights_sitenote_active":false,"_monsterinsights_sitenote_note":"","_monsterinsights_sitenote_category":0,"footnotes":""},"categories":[1],"tags":[],"class_list":["post-457","post","type-post","status-publish","format-standard","hentry","category-aktuellt"],"_links":{"self":[{"href":"http:\/\/sundalsryr.se\/index.php?rest_route=\/wp\/v2\/posts\/457"}],"collection":[{"href":"http:\/\/sundalsryr.se\/index.php?rest_route=\/wp\/v2\/posts"}],"about":[{"href":"http:\/\/sundalsryr.se\/index.php?rest_route=\/wp\/v2\/types\/post"}],"author":[{"embeddable":true,"href":"http:\/\/sundalsryr.se\/index.php?rest_route=\/wp\/v2\/users\/2"}],"replies":[{"embeddable":true,"href":"http:\/\/sundalsryr.se\/index.php?rest_route=%2Fwp%2Fv2%2Fcomments&post=457"}],"version-history":[{"count":1,"href":"http:\/\/sundalsryr.se\/index.php?rest_route=\/wp\/v2\/posts\/457\/revisions"}],"predecessor-version":[{"id":458,"href":"http:\/\/sundalsryr.se\/index.php?rest_route=\/wp\/v2\/posts\/457\/revisions\/458"}],"wp:attachment":[{"href":"http:\/\/sundalsryr.se\/index.php?rest_route=%2Fwp%2Fv2%2Fmedia&parent=457"}],"wp:term":[{"taxonomy":"category","embeddable":true,"href":"http:\/\/sundalsryr.se\/index.php?rest_route=%2Fwp%2Fv2%2Fcategories&post=457"},{"taxonomy":"post_tag","embeddable":true,"href":"http:\/\/sundalsryr.se\/index.php?rest_route=%2Fwp%2Fv2%2Ftags&post=457"}],"curies":[{"name":"wp","href":"https:\/\/api.w.org\/{rel}","templated":true}]}}