{"id":4594,"date":"2019-08-14T07:55:40","date_gmt":"2019-08-14T07:55:40","guid":{"rendered":"http:\/\/sundalsryr.se\/?p=4594"},"modified":"2019-08-14T07:55:40","modified_gmt":"2019-08-14T07:55:40","slug":"rally-i-sundals-ryr","status":"publish","type":"post","link":"http:\/\/sundalsryr.se\/?p=4594","title":{"rendered":"Rally i Sundals ryr"},"content":{"rendered":"<figure id=\"attachment_4595\" aria-describedby=\"caption-attachment-4595\" style=\"width: 377px\" class=\"wp-caption aligncenter\"><a href=\"http:\/\/sundalsryr.se\/wp-content\/uploads\/2019\/08\/rally.jpg\"><img loading=\"lazy\" decoding=\"async\" class=\"wp-image-4595\" src=\"http:\/\/sundalsryr.se\/wp-content\/uploads\/2019\/08\/rally.jpg\" alt=\"\" width=\"377\" height=\"249\" \/><\/a><figcaption id=\"caption-attachment-4595\" class=\"wp-caption-text\">Bild fr\u00e5n f\u00f6rra rallyt p\u00e5 fj\u00e4llet.<\/figcaption><\/figure>\n<p>Nu \u00e4r det \u00e4ntligen dags f\u00f6r rally igen!<\/p>\n<p>P\u00e5 l\u00f6rdag den 17 augusti arrangerar Dals MK \u201dDalslandstjuren\u201d.<\/p>\n<p>Man k\u00f6r fyra specialstr\u00e4ckor med 100% grus om totalt ca 28 km. Hela t\u00e4vlingen \u00e4r 110 km. Start och m\u00e5l vid Br\u00e5landa industri. F\u00f6rsta start g\u00e5r kl 11,00.<\/p>\n<p>F\u00f6rsta str\u00e4ckan g\u00e5r fr\u00e5n V\u00e4stra bleken till Bollungen, andra fr\u00e5n R\u00e5dane till Ryr, tredje str\u00e4ckan g\u00e5r uppe i H\u00f6gs\u00e4ter och fj\u00e4rde g\u00e5r fr\u00e5n Ragneruds camping till Bollungen.<\/p>\n<p>I skrivande stund \u00e4r det 65 anm\u00e4lda, men anm\u00e4lningstiden \u00e4r inte ute \u00e4n, s\u00e5 det kan bli fler.<\/p>\n<p>Det finns gott om m\u00f6jligheter att se p\u00e5 t\u00e4vlingen, men t\u00e4nk p\u00e5 att t\u00e4vlingsv\u00e4garna \u00e4r avst\u00e4ngda redan fr\u00e5n tidiga morgonen.<\/p>\n<p>&nbsp;<\/p>\n<p>\/Susanne Borss\u00e9n<\/p>\n<p>&nbsp;<\/p>\n<p>&nbsp;<\/p>\n<p>.<\/p>\n","protected":false},"excerpt":{"rendered":"<p>Nu \u00e4r det \u00e4ntligen dags f\u00f6r rally igen! P\u00e5 l\u00f6rdag den 17 augusti arrangerar Dals MK \u201dDalslandstjuren\u201d. Man k\u00f6r fyra specialstr\u00e4ckor med 100% grus om totalt ca 28 km. Hela t\u00e4vlingen \u00e4r 110 km. Start och m\u00e5l vid Br\u00e5landa industri. F\u00f6rsta start g\u00e5r kl 11,00. F\u00f6rsta str\u00e4ckan g\u00e5r fr\u00e5n V\u00e4stra bleken till Bollungen, andra fr\u00e5n&#8230;<\/p>\n","protected":false},"author":3,"featured_media":0,"comment_status":"open","ping_status":"open","sticky":false,"template":"","format":"standard","meta":{"_monsterinsights_skip_tracking":false,"_monsterinsights_sitenote_active":false,"_monsterinsights_sitenote_note":"","_monsterinsights_sitenote_category":0,"footnotes":""},"categories":[1],"tags":[],"class_list":["post-4594","post","type-post","status-publish","format-standard","hentry","category-aktuellt"],"_links":{"self":[{"href":"http:\/\/sundalsryr.se\/index.php?rest_route=\/wp\/v2\/posts\/4594"}],"collection":[{"href":"http:\/\/sundalsryr.se\/index.php?rest_route=\/wp\/v2\/posts"}],"about":[{"href":"http:\/\/sundalsryr.se\/index.php?rest_route=\/wp\/v2\/types\/post"}],"author":[{"embeddable":true,"href":"http:\/\/sundalsryr.se\/index.php?rest_route=\/wp\/v2\/users\/3"}],"replies":[{"embeddable":true,"href":"http:\/\/sundalsryr.se\/index.php?rest_route=%2Fwp%2Fv2%2Fcomments&post=4594"}],"version-history":[{"count":1,"href":"http:\/\/sundalsryr.se\/index.php?rest_route=\/wp\/v2\/posts\/4594\/revisions"}],"predecessor-version":[{"id":4596,"href":"http:\/\/sundalsryr.se\/index.php?rest_route=\/wp\/v2\/posts\/4594\/revisions\/4596"}],"wp:attachment":[{"href":"http:\/\/sundalsryr.se\/index.php?rest_route=%2Fwp%2Fv2%2Fmedia&parent=4594"}],"wp:term":[{"taxonomy":"category","embeddable":true,"href":"http:\/\/sundalsryr.se\/index.php?rest_route=%2Fwp%2Fv2%2Fcategories&post=4594"},{"taxonomy":"post_tag","embeddable":true,"href":"http:\/\/sundalsryr.se\/index.php?rest_route=%2Fwp%2Fv2%2Ftags&post=4594"}],"curies":[{"name":"wp","href":"https:\/\/api.w.org\/{rel}","templated":true}]}}