{"id":4718,"date":"2020-02-23T20:08:42","date_gmt":"2020-02-23T20:08:42","guid":{"rendered":"http:\/\/sundalsryr.se\/?p=4718"},"modified":"2020-02-24T05:54:01","modified_gmt":"2020-02-24T05:54:01","slug":"en-dag-att-ma-gott","status":"publish","type":"post","link":"http:\/\/sundalsryr.se\/?p=4718","title":{"rendered":"En dag att &#8221;M\u00e5 gott&#8221;"},"content":{"rendered":"<p>Vinden ven runt knutarna och himlen utanf\u00f6r var blygr\u00e5 n\u00e4r byalagets \u201dM\u00e5 gott dag\u201d anordnades p\u00e5 Granan, men inne var det en sk\u00f6n och mysig st\u00e4mning n\u00e4r inte mindre \u00e4n 28 tjejer i alla \u00e5ldrar b\u00f6rjade dagen med en stunds yoga ledd av instrukt\u00f6ren Linn Widenberg Johansson. \u00d6vningarna gick att anpassa allt efter f\u00f6rm\u00e5ga. Vi uppt\u00e4ckte hur sk\u00f6nt det \u00e4r att str\u00e4cka ut stela muskler och hur knepigt det kan vara att h\u00e5lla balansen n\u00e4r man blundar ist\u00e4llet f\u00f6r att fokusera blicken. \u00a0Linn po\u00e4ngterade att yoga inte \u00e4r n\u00e5gon t\u00e4vling, var och en ska g\u00f6ra det som k\u00e4nns r\u00e4tt f\u00f6r sin kropp just f\u00f6r stunden. Betoningen l\u00e5g p\u00e5 andetagen och andas kan alla!<\/p>\n<p><a href=\"http:\/\/sundalsryr.se\/wp-content\/uploads\/2020\/02\/DSC_1562.jpg\"><img loading=\"lazy\" decoding=\"async\" class=\"aligncenter wp-image-4719\" src=\"http:\/\/sundalsryr.se\/wp-content\/uploads\/2020\/02\/DSC_1562.jpg\" alt=\"\" width=\"697\" height=\"392\" srcset=\"http:\/\/sundalsryr.se\/wp-content\/uploads\/2020\/02\/DSC_1562.jpg 5504w, http:\/\/sundalsryr.se\/wp-content\/uploads\/2020\/02\/DSC_1562-300x169.jpg 300w, http:\/\/sundalsryr.se\/wp-content\/uploads\/2020\/02\/DSC_1562-768x432.jpg 768w, http:\/\/sundalsryr.se\/wp-content\/uploads\/2020\/02\/DSC_1562-1024x576.jpg 1024w\" sizes=\"(max-width: 697px) 100vw, 697px\" \/><\/a><\/p>\n<p>Efter yogastunden bj\u00f6ds det p\u00e5 fika med frukt och nyttiga chokladbollar, s\u00f6tade med dadlar ist\u00e4llet f\u00f6r socker. D\u00e4refter fick vi en f\u00f6rel\u00e4sning av osteopaten Tove Blomdahl som b\u00f6rjade med att f\u00f6rklara att en osteopat ser till alla aspekter av h\u00e4lsa n\u00e4r hon behandlar, till skillnad mot tex en kiropraktor som mer handgripligt korrigerar kroppen.<\/p>\n<p><a href=\"http:\/\/sundalsryr.se\/wp-content\/uploads\/2020\/02\/DSC_1569.jpg\"><img loading=\"lazy\" decoding=\"async\" class=\"aligncenter wp-image-4720\" src=\"http:\/\/sundalsryr.se\/wp-content\/uploads\/2020\/02\/DSC_1569.jpg\" alt=\"\" width=\"698\" height=\"460\" srcset=\"http:\/\/sundalsryr.se\/wp-content\/uploads\/2020\/02\/DSC_1569.jpg 3881w, http:\/\/sundalsryr.se\/wp-content\/uploads\/2020\/02\/DSC_1569-300x198.jpg 300w, http:\/\/sundalsryr.se\/wp-content\/uploads\/2020\/02\/DSC_1569-768x507.jpg 768w, http:\/\/sundalsryr.se\/wp-content\/uploads\/2020\/02\/DSC_1569-1024x676.jpg 1024w\" sizes=\"(max-width: 698px) 100vw, 698px\" \/><\/a><\/p>\n<p>Hon f\u00f6rklarade vad stress \u00e4r och att stress i sig inte \u00e4r n\u00e5got skadligt eller d\u00e5ligt, det \u00e4r bristen p\u00e5 \u00e5terh\u00e4mtning som \u00e4r farligt. Vad som \u00e4r \u00e5terh\u00e4mtning skiljer sig fr\u00e5n person till person. N\u00e5gon m\u00e5r b\u00e4st av en skogspromenad, en annan av att l\u00e4sa en bok och en tredje av att p\u00e5ta i sin tr\u00e4dg\u00e5rd. Det viktiga \u00e4r att ta sig tid att g\u00f6ra det som f\u00e5r en att koppla av.<\/p>\n<p>Sedan var det dags f\u00f6r lunch, en god kycklingsallad serverades och man kunde verkligen h\u00f6ra p\u00e5 ljudniv\u00e5n att alla hade trevligt. Eftersom Linn Widenberg Johansson och Tove Blomdahl var med hela dagen fanns det ocks\u00e5 m\u00f6jlighet att diskutera tr\u00e4ning, h\u00e4lsa mm med dem.<\/p>\n<p><a href=\"http:\/\/sundalsryr.se\/wp-content\/uploads\/2020\/02\/DSC_1581.jpg\"><img loading=\"lazy\" decoding=\"async\" class=\"aligncenter wp-image-4721\" src=\"http:\/\/sundalsryr.se\/wp-content\/uploads\/2020\/02\/DSC_1581.jpg\" alt=\"\" width=\"701\" height=\"394\" srcset=\"http:\/\/sundalsryr.se\/wp-content\/uploads\/2020\/02\/DSC_1581.jpg 5504w, http:\/\/sundalsryr.se\/wp-content\/uploads\/2020\/02\/DSC_1581-300x169.jpg 300w, http:\/\/sundalsryr.se\/wp-content\/uploads\/2020\/02\/DSC_1581-768x432.jpg 768w, http:\/\/sundalsryr.se\/wp-content\/uploads\/2020\/02\/DSC_1581-1024x576.jpg 1024w\" sizes=\"(max-width: 701px) 100vw, 701px\" \/><\/a><\/p>\n<p>Efter lunchen fick vi en inblick i hur eteriska oljor kan anv\u00e4ndas. \u00a0Man kan tex blanda egna reng\u00f6ringsmedel, vatten \u00e4ttika och en droppe citron i en sprayflaska och vipps har man en egengjord st\u00e4dspray, utan en massa on\u00f6diga syntetiska \u00e4mnen. Eller varf\u00f6r inte \u00e5teruppta det gamla knepet att l\u00e5ta lakanen i linnesk\u00e5pet f\u00e5 en doft av lavendel, som \u00e4r lugnande och kan f\u00e5 oss att varva ner n\u00e4r vi ska sova.<\/p>\n<p>Till sist fick vi en v\u00e4gledd \u00f6vning av Tove hur man genom att sp\u00e4nna och slappna av olika delar av kroppen kan scanna igenom och \u00f6ka medvetenheten om olika delar. Det blev en fin avslutning och en liten stund av tacksamhet \u00f6ver hur fantastiska v\u00e5ra kroppar och v\u00e5rt sinne \u00e4r.<\/p>\n<p><a href=\"http:\/\/sundalsryr.se\/wp-content\/uploads\/2020\/02\/DSC_1582.jpg\"><img loading=\"lazy\" decoding=\"async\" class=\"aligncenter wp-image-4723\" src=\"http:\/\/sundalsryr.se\/wp-content\/uploads\/2020\/02\/DSC_1582-1024x576.jpg\" alt=\"\" width=\"542\" height=\"305\" srcset=\"http:\/\/sundalsryr.se\/wp-content\/uploads\/2020\/02\/DSC_1582-1024x576.jpg 1024w, http:\/\/sundalsryr.se\/wp-content\/uploads\/2020\/02\/DSC_1582-300x169.jpg 300w, http:\/\/sundalsryr.se\/wp-content\/uploads\/2020\/02\/DSC_1582-768x432.jpg 768w\" sizes=\"(max-width: 542px) 100vw, 542px\" \/><\/a><\/p>\n<p>Innan vi skingrades fick alla en present att ta med sig hem. En gener\u00f6st tilltagen \u201dgoodiebag\u201d med bl a te, honung, en Sundals ryrs mugg och ett presentkort p\u00e5 en yogaklass.<\/p>\n<p>Det var en mycket v\u00e4lordnad dag som blev v\u00e4ldigt lyckad och det var flera som uttryckte en \u00f6nskan om att det skulle ordnas n\u00e5got liknande igen.<\/p>\n<p>&nbsp;<\/p>\n<figure id=\"attachment_4722\" aria-describedby=\"caption-attachment-4722\" style=\"width: 267px\" class=\"wp-caption alignright\"><a href=\"http:\/\/sundalsryr.se\/wp-content\/uploads\/2020\/02\/IMG_1267.jpg\"><img loading=\"lazy\" decoding=\"async\" class=\"size-full wp-image-4722\" src=\"http:\/\/sundalsryr.se\/wp-content\/uploads\/2020\/02\/IMG_1267.jpg\" alt=\"\" width=\"267\" height=\"441\" srcset=\"http:\/\/sundalsryr.se\/wp-content\/uploads\/2020\/02\/IMG_1267.jpg 267w, http:\/\/sundalsryr.se\/wp-content\/uploads\/2020\/02\/IMG_1267-182x300.jpg 182w\" sizes=\"(max-width: 267px) 100vw, 267px\" \/><\/a><figcaption id=\"caption-attachment-4722\" class=\"wp-caption-text\">Receptet p\u00e5 de goda chokladbollarna<\/figcaption><\/figure>\n<p>&nbsp;<\/p>\n<p>&nbsp;<\/p>\n<p>&nbsp;<\/p>\n<p>&nbsp;<\/p>\n<p>&nbsp;<\/p>\n<p>&nbsp;<\/p>\n<p>&nbsp;<\/p>\n<p>&nbsp;<\/p>\n<p>&nbsp;<\/p>\n<p>&nbsp;<\/p>\n<p>&nbsp;<\/p>\n<p>&nbsp;<\/p>\n<p>\/Susanne Borss\u00e9n<\/p>\n<p>&nbsp;<\/p>\n<p>.<\/p>\n","protected":false},"excerpt":{"rendered":"<p>Vinden ven runt knutarna och himlen utanf\u00f6r var blygr\u00e5 n\u00e4r byalagets \u201dM\u00e5 gott dag\u201d anordnades p\u00e5 Granan, men inne var det en sk\u00f6n och mysig st\u00e4mning n\u00e4r inte mindre \u00e4n 28 tjejer i alla \u00e5ldrar b\u00f6rjade dagen med en stunds yoga ledd av instrukt\u00f6ren Linn Widenberg Johansson. \u00d6vningarna gick att anpassa allt efter f\u00f6rm\u00e5ga. Vi&#8230;<\/p>\n","protected":false},"author":3,"featured_media":0,"comment_status":"open","ping_status":"open","sticky":false,"template":"","format":"standard","meta":{"_monsterinsights_skip_tracking":false,"_monsterinsights_sitenote_active":false,"_monsterinsights_sitenote_note":"","_monsterinsights_sitenote_category":0,"footnotes":""},"categories":[1],"tags":[],"class_list":["post-4718","post","type-post","status-publish","format-standard","hentry","category-aktuellt"],"_links":{"self":[{"href":"http:\/\/sundalsryr.se\/index.php?rest_route=\/wp\/v2\/posts\/4718"}],"collection":[{"href":"http:\/\/sundalsryr.se\/index.php?rest_route=\/wp\/v2\/posts"}],"about":[{"href":"http:\/\/sundalsryr.se\/index.php?rest_route=\/wp\/v2\/types\/post"}],"author":[{"embeddable":true,"href":"http:\/\/sundalsryr.se\/index.php?rest_route=\/wp\/v2\/users\/3"}],"replies":[{"embeddable":true,"href":"http:\/\/sundalsryr.se\/index.php?rest_route=%2Fwp%2Fv2%2Fcomments&post=4718"}],"version-history":[{"count":7,"href":"http:\/\/sundalsryr.se\/index.php?rest_route=\/wp\/v2\/posts\/4718\/revisions"}],"predecessor-version":[{"id":4730,"href":"http:\/\/sundalsryr.se\/index.php?rest_route=\/wp\/v2\/posts\/4718\/revisions\/4730"}],"wp:attachment":[{"href":"http:\/\/sundalsryr.se\/index.php?rest_route=%2Fwp%2Fv2%2Fmedia&parent=4718"}],"wp:term":[{"taxonomy":"category","embeddable":true,"href":"http:\/\/sundalsryr.se\/index.php?rest_route=%2Fwp%2Fv2%2Fcategories&post=4718"},{"taxonomy":"post_tag","embeddable":true,"href":"http:\/\/sundalsryr.se\/index.php?rest_route=%2Fwp%2Fv2%2Ftags&post=4718"}],"curies":[{"name":"wp","href":"https:\/\/api.w.org\/{rel}","templated":true}]}}