{"id":481,"date":"2011-03-29T19:41:18","date_gmt":"2011-03-29T19:41:18","guid":{"rendered":"http:\/\/sundalsryr.se\/?p=481"},"modified":"2017-04-25T18:18:05","modified_gmt":"2017-04-25T18:18:05","slug":"arsmotet","status":"publish","type":"post","link":"http:\/\/sundalsryr.se\/?p=481","title":{"rendered":"\u00c5rsm\u00f6tet"},"content":{"rendered":"<p><a href=\"http:\/\/sundalsryr.se\/wp-content\/uploads\/2011\/03\/011.jpg\"><img loading=\"lazy\" decoding=\"async\" class=\"alignnone size-medium wp-image-482\" title=\"Maria Fryklund tackades f\u00f6r sin insats i styrelsen. \" src=\"http:\/\/sundalsryr.se\/wp-content\/uploads\/2011\/03\/011-300x225.jpg\" alt=\"Maria Fryklund tackades f\u00f6r sin insats i styrelsen. \" width=\"300\" height=\"225\" srcset=\"http:\/\/sundalsryr.se\/wp-content\/uploads\/2011\/03\/011-300x225.jpg 300w, http:\/\/sundalsryr.se\/wp-content\/uploads\/2011\/03\/011-1024x768.jpg 1024w\" sizes=\"(max-width: 300px) 100vw, 300px\" \/><\/a><\/p>\n<p>Maria Fryklund tackades f\u00f6r sin insats i styrelsen.<\/p>\n<p>Onsdagen den 23 mars var det \u00e5rsm\u00f6te i byalaget. Ordf\u00f6rande Roger Johansson inledde \u00e5rsm\u00f6tet med att informera om leaderprojektet &#8221;Ett aktivt Sundals Ryr 2011&#8221; som p\u00e5g\u00e5r f\u00f6r fullt. Roger \u00f6ppnade d\u00e4refter m\u00f6tet. Under \u00e5ret som g\u00e5tt har aktiviteter som vandringar, <!--more-->f\u00f6rel\u00e4sningar om ekonomi, tjej- respektive killfest, f\u00f6rel\u00e4sning av Peter &#8221;Poker&#8221; Wallenberg, friluftsgudstj\u00e4nst ihop med kyrkan och LRF p\u00e5 Granan m.m.\u00a0Styrelsen f\u00f6r kommande \u00e5r blev f\u00f6ljande: Ordf\u00f6rande Roger\u00a0Johansson, Peder Hansson, Susanne Borss\u00e9n, Robert Lindstr\u00f6m, Susanne Broberg, Anna-Lena Hoffmann. Maria Fryklund valde att sluta och ROger tackade f\u00f6r\u00a0insatsen i styrelsen. V\u00e4lkomnades gjordes\u00a0Ingrid Nilsson. Under \u00f6vriga fr\u00e5gor diskuterades skolans lokaler. Samordning av \u00e5rsm\u00f6ten och andra h\u00e4ndelser i n\u00e4romr\u00e5det efterlyses. \u00c5tervinningsstationen vid kyrkan som byalaget st\u00e5r f\u00f6r diskuterades d\u00e5 den anv\u00e4nds som sopstation ist\u00e4llet f\u00f6r \u00e5tervinningsstation av en del m\u00e4nniskor.\u00a0Bl.a skall vi kolla om det g\u00e5r att belysa stationen som en del i att komma\u00a0\u00e5t problemet.\u00a0<!--more--><\/p>\n","protected":false},"excerpt":{"rendered":"<p>Maria Fryklund tackades f\u00f6r sin insats i styrelsen. Onsdagen den 23 mars var det \u00e5rsm\u00f6te i byalaget. Ordf\u00f6rande Roger Johansson inledde \u00e5rsm\u00f6tet med att informera om leaderprojektet &#8221;Ett aktivt Sundals Ryr 2011&#8221; som p\u00e5g\u00e5r f\u00f6r fullt. Roger \u00f6ppnade d\u00e4refter m\u00f6tet. Under \u00e5ret som g\u00e5tt har aktiviteter som vandringar,<\/p>\n","protected":false},"author":2,"featured_media":0,"comment_status":"open","ping_status":"open","sticky":false,"template":"","format":"standard","meta":{"_monsterinsights_skip_tracking":false,"_monsterinsights_sitenote_active":false,"_monsterinsights_sitenote_note":"","_monsterinsights_sitenote_category":0,"footnotes":""},"categories":[1,18],"tags":[],"class_list":["post-481","post","type-post","status-publish","format-standard","hentry","category-aktuellt","category-arsmoten"],"_links":{"self":[{"href":"http:\/\/sundalsryr.se\/index.php?rest_route=\/wp\/v2\/posts\/481"}],"collection":[{"href":"http:\/\/sundalsryr.se\/index.php?rest_route=\/wp\/v2\/posts"}],"about":[{"href":"http:\/\/sundalsryr.se\/index.php?rest_route=\/wp\/v2\/types\/post"}],"author":[{"embeddable":true,"href":"http:\/\/sundalsryr.se\/index.php?rest_route=\/wp\/v2\/users\/2"}],"replies":[{"embeddable":true,"href":"http:\/\/sundalsryr.se\/index.php?rest_route=%2Fwp%2Fv2%2Fcomments&post=481"}],"version-history":[{"count":2,"href":"http:\/\/sundalsryr.se\/index.php?rest_route=\/wp\/v2\/posts\/481\/revisions"}],"predecessor-version":[{"id":484,"href":"http:\/\/sundalsryr.se\/index.php?rest_route=\/wp\/v2\/posts\/481\/revisions\/484"}],"wp:attachment":[{"href":"http:\/\/sundalsryr.se\/index.php?rest_route=%2Fwp%2Fv2%2Fmedia&parent=481"}],"wp:term":[{"taxonomy":"category","embeddable":true,"href":"http:\/\/sundalsryr.se\/index.php?rest_route=%2Fwp%2Fv2%2Fcategories&post=481"},{"taxonomy":"post_tag","embeddable":true,"href":"http:\/\/sundalsryr.se\/index.php?rest_route=%2Fwp%2Fv2%2Ftags&post=481"}],"curies":[{"name":"wp","href":"https:\/\/api.w.org\/{rel}","templated":true}]}}