{"id":4871,"date":"2020-08-11T12:57:20","date_gmt":"2020-08-11T12:57:20","guid":{"rendered":"http:\/\/sundalsryr.se\/?p=4871"},"modified":"2020-08-11T12:57:20","modified_gmt":"2020-08-11T12:57:20","slug":"vatten-o-fiber-arsmote","status":"publish","type":"post","link":"http:\/\/sundalsryr.se\/?p=4871","title":{"rendered":"Vatten o fiber \u00e5rsm\u00f6te"},"content":{"rendered":"<p><a href=\"http:\/\/sundalsryr.se\/wp-content\/uploads\/2020\/08\/ordforandeklubba-vit-1280x1024px.png\"><img loading=\"lazy\" decoding=\"async\" class=\"aligncenter  wp-image-4872\" src=\"http:\/\/sundalsryr.se\/wp-content\/uploads\/2020\/08\/ordforandeklubba-vit-1280x1024px-1024x819.png\" alt=\"\" width=\"481\" height=\"385\" srcset=\"http:\/\/sundalsryr.se\/wp-content\/uploads\/2020\/08\/ordforandeklubba-vit-1280x1024px-1024x819.png 1024w, http:\/\/sundalsryr.se\/wp-content\/uploads\/2020\/08\/ordforandeklubba-vit-1280x1024px-300x240.png 300w, http:\/\/sundalsryr.se\/wp-content\/uploads\/2020\/08\/ordforandeklubba-vit-1280x1024px-768x614.png 768w, http:\/\/sundalsryr.se\/wp-content\/uploads\/2020\/08\/ordforandeklubba-vit-1280x1024px.png 1280w\" sizes=\"(max-width: 481px) 100vw, 481px\" \/><\/a><\/p>\n<p>Detta \u00e5r blev sannerligen annorlunda. Den besv\u00e4rliga situationen med Coronasmittan har gjort att de flesta f\u00f6reningar i v\u00e5ras valde att skjuta upp sitt \u00e5rsm\u00f6te, s\u00e5 gjorde \u00e4ven samf\u00e4llighetsf\u00f6reningen f\u00f6r Sundals ryrs vatten och bredband.<\/p>\n<p>F\u00f6rst den 10 augusti genomf\u00f6rdes m\u00f6tet och som v\u00e4ntat var inte uppslutningen s\u00e5 stor som den brukar vara. Men det \u00e4r \u00e4nd\u00e5 bra att m\u00f6tet gick att genomf\u00f6ra. Ett 20-tal personer n\u00e4rvarade, men alla f\u00f6reningens medlemmar har haft m\u00f6jlighet att s\u00e4ga sitt eftersom alla f\u00e5tt tillskickat sig verksamhetsber\u00e4ttelse, bokslut, revisorernas ber\u00e4ttelse mm<\/p>\n<p>De 7 som suttit i styrelsen detta \u00e5r sitter kvar. Gunnar Olsson som varit revisor under flera \u00e5r avsade sig och i hans st\u00e4lle valdes P\u00e4r-\u00e5ke Henriksson. Valberedningen med Peder Hansson, Kent Nilsson och Benny Jonsson \u00e4r \u00e4ven den fortsatt of\u00f6r\u00e4ndrad.<\/p>\n<p>Ekonomin f\u00f6r f\u00f6reningen ser bra ut, under 2019 har man amorterat lite mer \u00e4n budget. Vattnet \u00e4r sedan tidigare f\u00e4rdigbetalt och fibern \u00e4r troligtvis f\u00e4rdigbetald inom 4-5 \u00e5r om inget of\u00f6rutsett intr\u00e4ffar.<\/p>\n<p>2019 var 105 fastigheter anslutna till vattnet och 242 till bredbandet. Det har g\u00e5tt \u00e5t 12 721 kubik vatten, lite mer \u00e4n \u00e5ret innan med det beror fr\u00e4mst p\u00e5 att 4 nya hush\u00e5ll g\u00e5tt med.<\/p>\n<p>Under \u00e5ret har man k\u00f6pt in en batteribackup till f\u00f6reningens switchar som hanterar internettrafiken. P\u00e5 detta s\u00e4tt ska man klara elavbrott p\u00e5 upp till 50 minuter.<\/p>\n<p>Under \u00f6vriga fr\u00e5gor kom f\u00f6rslag p\u00e5 att betala 200 kr extra \/ medlem och \u00e5r f\u00f6r att p\u00e5 s\u00e5 s\u00e4tt kunna betala av l\u00e5nen fortare. Detta \u00e4r n\u00e5got som styrelsen f\u00e5r diskutera vidare. Fr\u00e5gan om vad man ska g\u00f6ra om man har d\u00e5lig hastighet p\u00e5 wifi kom ocks\u00e5 upp. . Man ska alltid b\u00f6rja med att starta om routern. D\u00e4refter ska man i f\u00f6rsta hand alltid ringa Telia support p\u00e5 nummer 90200 (alt 020-240250) kan man inte f\u00e5 hj\u00e4lp d\u00e4r v\u00e4nder man sig till Roger Johansson 070-6553879 eller Jan Teliander 0521-724214. I de allra flesta fall \u00e4r det fel p\u00e5 routern om TV\u00b4n fungerar som den ska, men datatrafiken fungerar d\u00e5ligt.<\/p>\n<p>\u00c5rsm\u00f6tet gav styrelsen fortsatt ansvarsfrihet och protokollet kommer, s\u00e5 fort det \u00e4r reviderat, \u00a0att mailas till alla medlemmar som har meddelat sin mailadress, man kan ocks\u00e5 f\u00e5 det av kass\u00f6ren Benny Larsson tele 0521-35037, det kommer \u00e4ven l\u00e4ggas ut p\u00e5 byalagets hemsida.<\/p>\n<p>&nbsp;<\/p>\n<p>.<\/p>\n","protected":false},"excerpt":{"rendered":"<p>Detta \u00e5r blev sannerligen annorlunda. Den besv\u00e4rliga situationen med Coronasmittan har gjort att de flesta f\u00f6reningar i v\u00e5ras valde att skjuta upp sitt \u00e5rsm\u00f6te, s\u00e5 gjorde \u00e4ven samf\u00e4llighetsf\u00f6reningen f\u00f6r Sundals ryrs vatten och bredband. F\u00f6rst den 10 augusti genomf\u00f6rdes m\u00f6tet och som v\u00e4ntat var inte uppslutningen s\u00e5 stor som den brukar vara. Men det \u00e4r&#8230;<\/p>\n","protected":false},"author":3,"featured_media":0,"comment_status":"open","ping_status":"open","sticky":false,"template":"","format":"standard","meta":{"_monsterinsights_skip_tracking":false,"_monsterinsights_sitenote_active":false,"_monsterinsights_sitenote_note":"","_monsterinsights_sitenote_category":0,"footnotes":""},"categories":[6],"tags":[],"class_list":["post-4871","post","type-post","status-publish","format-standard","hentry","category-fiber"],"_links":{"self":[{"href":"http:\/\/sundalsryr.se\/index.php?rest_route=\/wp\/v2\/posts\/4871"}],"collection":[{"href":"http:\/\/sundalsryr.se\/index.php?rest_route=\/wp\/v2\/posts"}],"about":[{"href":"http:\/\/sundalsryr.se\/index.php?rest_route=\/wp\/v2\/types\/post"}],"author":[{"embeddable":true,"href":"http:\/\/sundalsryr.se\/index.php?rest_route=\/wp\/v2\/users\/3"}],"replies":[{"embeddable":true,"href":"http:\/\/sundalsryr.se\/index.php?rest_route=%2Fwp%2Fv2%2Fcomments&post=4871"}],"version-history":[{"count":1,"href":"http:\/\/sundalsryr.se\/index.php?rest_route=\/wp\/v2\/posts\/4871\/revisions"}],"predecessor-version":[{"id":4873,"href":"http:\/\/sundalsryr.se\/index.php?rest_route=\/wp\/v2\/posts\/4871\/revisions\/4873"}],"wp:attachment":[{"href":"http:\/\/sundalsryr.se\/index.php?rest_route=%2Fwp%2Fv2%2Fmedia&parent=4871"}],"wp:term":[{"taxonomy":"category","embeddable":true,"href":"http:\/\/sundalsryr.se\/index.php?rest_route=%2Fwp%2Fv2%2Fcategories&post=4871"},{"taxonomy":"post_tag","embeddable":true,"href":"http:\/\/sundalsryr.se\/index.php?rest_route=%2Fwp%2Fv2%2Ftags&post=4871"}],"curies":[{"name":"wp","href":"https:\/\/api.w.org\/{rel}","templated":true}]}}