{"id":4910,"date":"2020-11-17T20:10:25","date_gmt":"2020-11-17T20:10:25","guid":{"rendered":"http:\/\/sundalsryr.se\/?p=4910"},"modified":"2020-11-18T18:01:40","modified_gmt":"2020-11-18T18:01:40","slug":"foretag-i-sundals-ryr-7","status":"publish","type":"post","link":"http:\/\/sundalsryr.se\/?p=4910","title":{"rendered":"F\u00f6retag i Sundals ryr"},"content":{"rendered":"<p>Nu \u00e4r det \u00e4ntligen dags att skriva om ett f\u00f6retag i Sundals ryr igen.<\/p>\n<p>Vi har ju en stark f\u00f6retagaranda h\u00e4r i bygden med m\u00e5nga driftiga m\u00e4nniskor. En av dem \u00e4r <strong>Hans Andersson<\/strong>, uppv\u00e4xt i \u00c5rbol, nu boende p\u00e5 g\u00e5rden Paverud p\u00e5 Stenhammarsv\u00e4gen. Han \u00e4r en mycket driftig kille som sedan 2016 driver <strong>Paveruds Alltj\u00e4st<\/strong>. P\u00e5 denna korta tid har hans f\u00f6retag vuxit snabbt och de \u00e4r nu inte mindre \u00e4n 7 st, inkl Hans, som jobbar med alla m\u00f6jliga uppdrag .<\/p>\n<p><a href=\"http:\/\/sundalsryr.se\/wp-content\/uploads\/2020\/11\/DSC_0116.jpg\"><img loading=\"lazy\" decoding=\"async\" class=\"alignleft wp-image-4911 size-medium\" src=\"http:\/\/sundalsryr.se\/wp-content\/uploads\/2020\/11\/DSC_0116-300x300.jpg\" alt=\"\" width=\"300\" height=\"300\" srcset=\"http:\/\/sundalsryr.se\/wp-content\/uploads\/2020\/11\/DSC_0116-300x300.jpg 300w, http:\/\/sundalsryr.se\/wp-content\/uploads\/2020\/11\/DSC_0116-150x150.jpg 150w, http:\/\/sundalsryr.se\/wp-content\/uploads\/2020\/11\/DSC_0116-768x768.jpg 768w, http:\/\/sundalsryr.se\/wp-content\/uploads\/2020\/11\/DSC_0116-1024x1024.jpg 1024w\" sizes=\"(max-width: 300px) 100vw, 300px\" \/><\/a><\/p>\n<p>De klipper gr\u00e4s och sk\u00f6ter gr\u00f6nytor \u00e5t b\u00e5de kommun och privatpersoner. Skottar sn\u00f6, krattar l\u00f6v, st\u00e4dar, klipper h\u00e4ckar och allt m\u00f6jligt annat. Denna sommar har tex tv\u00e5 av killarna som r\u00f6jt j\u00e4rnv\u00e4gsbankar \u00e5t Infranord.<\/p>\n<p>En av de anst\u00e4llda \u00e4r snickare och man kan g\u00f6ra alla m\u00f6jliga bygg och m\u00e5lningsuppdrag.<\/p>\n<p>&nbsp;<\/p>\n<p>Det finns flera gr\u00e4vmaskiner i f\u00f6retaget, s\u00e5 man kan lugnt s\u00e4ga att det finns resurser vad man \u00e4n vill ha hj\u00e4lp med.<\/p>\n<p>Hans \u00e4r \u00e4ven medlem i farmatj\u00e4nst s\u00e5 flera av uppdragen g\u00f6rs genom dem.<\/p>\n<p>K\u00f6ra en gammal soffa till tippen, gr\u00e4va en grop f\u00f6r att plantera ett tr\u00e4d, hj\u00e4lp med att flytta eller bygga en altan inget \u00e4r f\u00f6r litet eller f\u00f6r stort.<\/p>\n<p><a href=\"http:\/\/sundalsryr.se\/wp-content\/uploads\/2020\/11\/DSC_0114.jpg\"><img loading=\"lazy\" decoding=\"async\" class=\"aligncenter wp-image-4912\" src=\"http:\/\/sundalsryr.se\/wp-content\/uploads\/2020\/11\/DSC_0114-1024x1024.jpg\" alt=\"\" width=\"610\" height=\"610\" srcset=\"http:\/\/sundalsryr.se\/wp-content\/uploads\/2020\/11\/DSC_0114-1024x1024.jpg 1024w, http:\/\/sundalsryr.se\/wp-content\/uploads\/2020\/11\/DSC_0114-150x150.jpg 150w, http:\/\/sundalsryr.se\/wp-content\/uploads\/2020\/11\/DSC_0114-300x300.jpg 300w, http:\/\/sundalsryr.se\/wp-content\/uploads\/2020\/11\/DSC_0114-768x768.jpg 768w\" sizes=\"(max-width: 610px) 100vw, 610px\" \/><\/a><\/p>\n<p>P\u00e5 g\u00e5rden finns ocks\u00e5 en v\u00e4lutrustad bilverkstad, d\u00e4r man kan fixa allt m\u00f6jligt, just n\u00e4r jag \u00e4r p\u00e5 bes\u00f6k har man fullt upp med att byta till vinterd\u00e4ck p\u00e5 flera kunders bilar.<\/p>\n<p><a href=\"http:\/\/sundalsryr.se\/wp-content\/uploads\/2020\/11\/DSC_0123.jpg\"><img loading=\"lazy\" decoding=\"async\" class=\"aligncenter wp-image-4914\" src=\"http:\/\/sundalsryr.se\/wp-content\/uploads\/2020\/11\/DSC_0123-1024x543.jpg\" alt=\"\" width=\"689\" height=\"365\" srcset=\"http:\/\/sundalsryr.se\/wp-content\/uploads\/2020\/11\/DSC_0123-1024x543.jpg 1024w, http:\/\/sundalsryr.se\/wp-content\/uploads\/2020\/11\/DSC_0123-300x159.jpg 300w, http:\/\/sundalsryr.se\/wp-content\/uploads\/2020\/11\/DSC_0123-768x407.jpg 768w\" sizes=\"(max-width: 689px) 100vw, 689px\" \/><\/a><\/p>\n<p>Som den handlingskraftige och ambiti\u00f6sa person han \u00e4r, \u00e4r Hans dessutom platschef f\u00f6r r\u00e4ddningstj\u00e4nsten i Br\u00e5landa.\u00a0<a href=\"http:\/\/sundalsryr.se\/wp-content\/uploads\/2020\/11\/DSC_0117.jpg\"><img loading=\"lazy\" decoding=\"async\" class=\"alignright size-medium wp-image-4913\" src=\"http:\/\/sundalsryr.se\/wp-content\/uploads\/2020\/11\/DSC_0117-300x300.jpg\" alt=\"\" width=\"300\" height=\"300\" srcset=\"http:\/\/sundalsryr.se\/wp-content\/uploads\/2020\/11\/DSC_0117-300x300.jpg 300w, http:\/\/sundalsryr.se\/wp-content\/uploads\/2020\/11\/DSC_0117-150x150.jpg 150w, http:\/\/sundalsryr.se\/wp-content\/uploads\/2020\/11\/DSC_0117-768x768.jpg 768w, http:\/\/sundalsryr.se\/wp-content\/uploads\/2020\/11\/DSC_0117-1024x1024.jpg 1024w\" sizes=\"(max-width: 300px) 100vw, 300px\" \/><\/a><\/p>\n<p>&nbsp;<\/p>\n<p>Som alla vet \u00e4r det just nu Coronatider och Hans tvekar naturligtvis inte att st\u00e4lla upp n\u00e4r n\u00e5gon som tillh\u00f6r en riskgrupp ringer och vill ha hj\u00e4lp, vill man han \u00e5ker och h\u00e4mtar bil och vinterd\u00e4ck, \u00e5ker hem till verkstan, byter d\u00e4ck och \u00e5ker sedan hem med bilen och l\u00e4gger in sommard\u00e4cken i f\u00f6rr\u00e5det. H\u00e4r snackar vi om service p\u00e5 h\u00f6g niv\u00e5. Vill man ha handlat p\u00e5 cypressen fixar han det ocks\u00e5. H\u00e4r pratar vi om en service som bara finns p\u00e5 landet.<\/p>\n<p>Om just du har n\u00e5got du beh\u00f6ver hj\u00e4lp med s\u00e5 tveka inte att h\u00f6ra av dig p\u00e5 telefon 070-7503913, jag tror Paveruds Alltj\u00e4nst l\u00f6ser det mesta.<\/p>\n<p>&nbsp;<\/p>\n<p>\/Susanne Borss\u00e9n<\/p>\n<p>&nbsp;<\/p>\n<p>.<\/p>\n","protected":false},"excerpt":{"rendered":"<p>Nu \u00e4r det \u00e4ntligen dags att skriva om ett f\u00f6retag i Sundals ryr igen. Vi har ju en stark f\u00f6retagaranda h\u00e4r i bygden med m\u00e5nga driftiga m\u00e4nniskor. En av dem \u00e4r Hans Andersson, uppv\u00e4xt i \u00c5rbol, nu boende p\u00e5 g\u00e5rden Paverud p\u00e5 Stenhammarsv\u00e4gen. Han \u00e4r en mycket driftig kille som sedan 2016 driver Paveruds Alltj\u00e4st&#8230;.<\/p>\n","protected":false},"author":3,"featured_media":0,"comment_status":"open","ping_status":"open","sticky":false,"template":"","format":"standard","meta":{"_monsterinsights_skip_tracking":false,"_monsterinsights_sitenote_active":false,"_monsterinsights_sitenote_note":"","_monsterinsights_sitenote_category":0,"footnotes":""},"categories":[1,12],"tags":[],"class_list":["post-4910","post","type-post","status-publish","format-standard","hentry","category-aktuellt","category-foretag-i-sundals-ryr"],"_links":{"self":[{"href":"http:\/\/sundalsryr.se\/index.php?rest_route=\/wp\/v2\/posts\/4910"}],"collection":[{"href":"http:\/\/sundalsryr.se\/index.php?rest_route=\/wp\/v2\/posts"}],"about":[{"href":"http:\/\/sundalsryr.se\/index.php?rest_route=\/wp\/v2\/types\/post"}],"author":[{"embeddable":true,"href":"http:\/\/sundalsryr.se\/index.php?rest_route=\/wp\/v2\/users\/3"}],"replies":[{"embeddable":true,"href":"http:\/\/sundalsryr.se\/index.php?rest_route=%2Fwp%2Fv2%2Fcomments&post=4910"}],"version-history":[{"count":5,"href":"http:\/\/sundalsryr.se\/index.php?rest_route=\/wp\/v2\/posts\/4910\/revisions"}],"predecessor-version":[{"id":4919,"href":"http:\/\/sundalsryr.se\/index.php?rest_route=\/wp\/v2\/posts\/4910\/revisions\/4919"}],"wp:attachment":[{"href":"http:\/\/sundalsryr.se\/index.php?rest_route=%2Fwp%2Fv2%2Fmedia&parent=4910"}],"wp:term":[{"taxonomy":"category","embeddable":true,"href":"http:\/\/sundalsryr.se\/index.php?rest_route=%2Fwp%2Fv2%2Fcategories&post=4910"},{"taxonomy":"post_tag","embeddable":true,"href":"http:\/\/sundalsryr.se\/index.php?rest_route=%2Fwp%2Fv2%2Ftags&post=4910"}],"curies":[{"name":"wp","href":"https:\/\/api.w.org\/{rel}","templated":true}]}}