{"id":4921,"date":"2020-11-28T16:29:29","date_gmt":"2020-11-28T16:29:29","guid":{"rendered":"http:\/\/sundalsryr.se\/?p=4921"},"modified":"2020-11-28T16:29:29","modified_gmt":"2020-11-28T16:29:29","slug":"advent-2","status":"publish","type":"post","link":"http:\/\/sundalsryr.se\/?p=4921","title":{"rendered":"Advent"},"content":{"rendered":"<p>N\u00e4\u00e4, nu \u00e4r det f\u00f6r tr\u00e5kigt med alla restriktioner och all oro f\u00f6r Coronasmitta. Nu m\u00e5ste vi rikta blicken mot n\u00e5got som livar upp \u00a0\u2013som advent och jul.<\/p>\n<p><a href=\"http:\/\/sundalsryr.se\/wp-content\/uploads\/2020\/11\/DSC_0147.jpg\"><img loading=\"lazy\" decoding=\"async\" class=\"alignright  wp-image-4922\" src=\"http:\/\/sundalsryr.se\/wp-content\/uploads\/2020\/11\/DSC_0147-1024x984.jpg\" alt=\"\" width=\"265\" height=\"255\" srcset=\"http:\/\/sundalsryr.se\/wp-content\/uploads\/2020\/11\/DSC_0147-1024x984.jpg 1024w, http:\/\/sundalsryr.se\/wp-content\/uploads\/2020\/11\/DSC_0147-300x288.jpg 300w, http:\/\/sundalsryr.se\/wp-content\/uploads\/2020\/11\/DSC_0147-768x738.jpg 768w\" sizes=\"(max-width: 265px) 100vw, 265px\" \/><\/a><\/p>\n<p>Som alla f\u00f6rst\u00e5r blir det ingen vanlig jul i \u00e5r. Inga luciat\u00e5g med spr\u00f6d s\u00e5ng av f\u00f6rskolebarn, inga julmarknader med br\u00e4nd mandel i strut, inget tomtet\u00e5g, ingen skylts\u00f6ndag, inga gl\u00f6ggmingel, inga julkonserter och ingen caf\u00e9paus med kompisen i julhandeln.<\/p>\n<p>&nbsp;<\/p>\n<p>&nbsp;<\/p>\n<p>&nbsp;<\/p>\n<p><a href=\"http:\/\/sundalsryr.se\/wp-content\/uploads\/2020\/11\/DSC_0137.jpg\"><img loading=\"lazy\" decoding=\"async\" class=\"alignleft size-medium wp-image-4923\" src=\"http:\/\/sundalsryr.se\/wp-content\/uploads\/2020\/11\/DSC_0137-300x208.jpg\" alt=\"\" width=\"300\" height=\"208\" srcset=\"http:\/\/sundalsryr.se\/wp-content\/uploads\/2020\/11\/DSC_0137-300x208.jpg 300w, http:\/\/sundalsryr.se\/wp-content\/uploads\/2020\/11\/DSC_0137-768x533.jpg 768w, http:\/\/sundalsryr.se\/wp-content\/uploads\/2020\/11\/DSC_0137-1024x710.jpg 1024w\" sizes=\"(max-width: 300px) 100vw, 300px\" \/><\/a><\/p>\n<p>&nbsp;<\/p>\n<p>&nbsp;<\/p>\n<p>&nbsp;<\/p>\n<p>S\u00e5 l\u00e5t oss ist\u00e4llet fokusera p\u00e5 vad man KAN g\u00f6ra. Laga god mat, baka n\u00e5got gott,\u00a0 pyssla och pynta, skapa n\u00e5got fint av det som finns n\u00e4ra till hands. Aff\u00e4rer och julhandel ska vi ju i m\u00f6jligaste m\u00e5n undvika.<\/p>\n<p>&nbsp;<\/p>\n<p>&nbsp;<\/p>\n<p><a href=\"http:\/\/sundalsryr.se\/wp-content\/uploads\/2020\/11\/44746687_323073648274847_2158309609788021064_n.jpg\"><img loading=\"lazy\" decoding=\"async\" class=\"wp-image-4924 alignright\" src=\"http:\/\/sundalsryr.se\/wp-content\/uploads\/2020\/11\/44746687_323073648274847_2158309609788021064_n-240x300.jpg\" alt=\"\" width=\"336\" height=\"420\" srcset=\"http:\/\/sundalsryr.se\/wp-content\/uploads\/2020\/11\/44746687_323073648274847_2158309609788021064_n-240x300.jpg 240w, http:\/\/sundalsryr.se\/wp-content\/uploads\/2020\/11\/44746687_323073648274847_2158309609788021064_n-768x960.jpg 768w, http:\/\/sundalsryr.se\/wp-content\/uploads\/2020\/11\/44746687_323073648274847_2158309609788021064_n-819x1024.jpg 819w, http:\/\/sundalsryr.se\/wp-content\/uploads\/2020\/11\/44746687_323073648274847_2158309609788021064_n.jpg 1080w\" sizes=\"(max-width: 336px) 100vw, 336px\" \/><\/a><\/p>\n<p>Vi har alla m\u00f6jligheter att g\u00f6ra fint med det som naturen kan erbjuda, eftersom vi har den s\u00e5 n\u00e4ra. Det \u00e4r ingen id\u00e9 t\u00e4nker n\u00e5gon, vi f\u00e5r ju \u00e4nd\u00e5 inte bjuda hem n\u00e5gon som kan se det vi gjort. Men tycker man det \u00e4r kul kan man g\u00f6ra det f\u00f6r sin egen skull. Kanske \u00e4r det just vad vi beh\u00f6ver i tider som dessa, n\u00e4r m\u00f6rkret blir t\u00e4tare f\u00f6r varje dag.<\/p>\n<p>&nbsp;<\/p>\n<p>&nbsp;<\/p>\n<p>&nbsp;<\/p>\n<p>&nbsp;<\/p>\n<p>&nbsp;<\/p>\n<p>&nbsp;<\/p>\n<p>&nbsp;<\/p>\n<p>&nbsp;<\/p>\n<p>&nbsp;<\/p>\n<p>&nbsp;<\/p>\n<p><a href=\"http:\/\/sundalsryr.se\/wp-content\/uploads\/2020\/11\/DSC_0140.jpg\"><img loading=\"lazy\" decoding=\"async\" class=\"aligncenter  wp-image-4925\" src=\"http:\/\/sundalsryr.se\/wp-content\/uploads\/2020\/11\/DSC_0140-1024x768.jpg\" alt=\"\" width=\"657\" height=\"493\" srcset=\"http:\/\/sundalsryr.se\/wp-content\/uploads\/2020\/11\/DSC_0140-1024x768.jpg 1024w, http:\/\/sundalsryr.se\/wp-content\/uploads\/2020\/11\/DSC_0140-300x225.jpg 300w, http:\/\/sundalsryr.se\/wp-content\/uploads\/2020\/11\/DSC_0140-768x576.jpg 768w\" sizes=\"(max-width: 657px) 100vw, 657px\" \/><\/a><\/p>\n<p>S\u00e5 \u00f6s p\u00e5 med stj\u00e4rnor och advensstakar, granris och mossa, kransar och ljusslingor, lyktor och julens blommor. Aldrig har vi v\u00e4l beh\u00f6vt det s\u00e5 mycket som i \u00e5r.<\/p>\n<p>Byalaget \u00f6nskar alla en riktigt fin adventstid.<\/p>\n<p>\/Susanne Borss\u00e9n<\/p>\n<p>&nbsp;<\/p>\n<p>.<\/p>\n","protected":false},"excerpt":{"rendered":"<p>N\u00e4\u00e4, nu \u00e4r det f\u00f6r tr\u00e5kigt med alla restriktioner och all oro f\u00f6r Coronasmitta. Nu m\u00e5ste vi rikta blicken mot n\u00e5got som livar upp \u00a0\u2013som advent och jul. Som alla f\u00f6rst\u00e5r blir det ingen vanlig jul i \u00e5r. Inga luciat\u00e5g med spr\u00f6d s\u00e5ng av f\u00f6rskolebarn, inga julmarknader med br\u00e4nd mandel i strut, inget tomtet\u00e5g, ingen&#8230;<\/p>\n","protected":false},"author":3,"featured_media":0,"comment_status":"open","ping_status":"open","sticky":false,"template":"","format":"standard","meta":{"_monsterinsights_skip_tracking":false,"_monsterinsights_sitenote_active":false,"_monsterinsights_sitenote_note":"","_monsterinsights_sitenote_category":0,"footnotes":""},"categories":[1],"tags":[],"class_list":["post-4921","post","type-post","status-publish","format-standard","hentry","category-aktuellt"],"_links":{"self":[{"href":"http:\/\/sundalsryr.se\/index.php?rest_route=\/wp\/v2\/posts\/4921"}],"collection":[{"href":"http:\/\/sundalsryr.se\/index.php?rest_route=\/wp\/v2\/posts"}],"about":[{"href":"http:\/\/sundalsryr.se\/index.php?rest_route=\/wp\/v2\/types\/post"}],"author":[{"embeddable":true,"href":"http:\/\/sundalsryr.se\/index.php?rest_route=\/wp\/v2\/users\/3"}],"replies":[{"embeddable":true,"href":"http:\/\/sundalsryr.se\/index.php?rest_route=%2Fwp%2Fv2%2Fcomments&post=4921"}],"version-history":[{"count":2,"href":"http:\/\/sundalsryr.se\/index.php?rest_route=\/wp\/v2\/posts\/4921\/revisions"}],"predecessor-version":[{"id":4927,"href":"http:\/\/sundalsryr.se\/index.php?rest_route=\/wp\/v2\/posts\/4921\/revisions\/4927"}],"wp:attachment":[{"href":"http:\/\/sundalsryr.se\/index.php?rest_route=%2Fwp%2Fv2%2Fmedia&parent=4921"}],"wp:term":[{"taxonomy":"category","embeddable":true,"href":"http:\/\/sundalsryr.se\/index.php?rest_route=%2Fwp%2Fv2%2Fcategories&post=4921"},{"taxonomy":"post_tag","embeddable":true,"href":"http:\/\/sundalsryr.se\/index.php?rest_route=%2Fwp%2Fv2%2Ftags&post=4921"}],"curies":[{"name":"wp","href":"https:\/\/api.w.org\/{rel}","templated":true}]}}