{"id":4930,"date":"2020-12-07T20:53:59","date_gmt":"2020-12-07T20:53:59","guid":{"rendered":"http:\/\/sundalsryr.se\/?p=4930"},"modified":"2020-12-07T20:53:59","modified_gmt":"2020-12-07T20:53:59","slug":"mote-i-coronatider","status":"publish","type":"post","link":"http:\/\/sundalsryr.se\/?p=4930","title":{"rendered":"M\u00f6te i coronatider"},"content":{"rendered":"<p>&nbsp;<\/p>\n<p>De flesta f\u00f6reningar har under detta \u00e5r minimerat antalet m\u00f6ten och tr\u00e4ffar s\u00e5 mycket som m\u00f6jligt, det g\u00e4ller \u00e4ven f\u00f6r Samf\u00e4llighetsf\u00f6reningen Sundals ryrs vatten och bredband, i dagligt tal \u201dvatten och fiberf\u00f6reningen\u201d. V\u00e5r f\u00f6rening \u00e4r v\u00e4l inarbetad med bra rutiner, s\u00e5 mycket av arbetet har enkelt kunnat sk\u00f6tas via mail och telefon, men ett fysiskt m\u00f6te har vi faktiskt haft under h\u00f6sten. Som alltid i f\u00f6rsamlingshemmet.<\/p>\n<p>Dagordningen \u00e4r i stort sett densamma varje m\u00f6te, f\u00f6rst st\u00e4mmer vi av det ekonomiska l\u00e4get med hj\u00e4lp av v\u00e5r kass\u00f6r Sture. Sedan diskuterar vi m\u00f6jligheten f\u00f6r \u00a0ev nya abonnenter som vill ha vatten eller fiber, Roger och Bengt-\u00c5ke har full koll p\u00e5 vad som \u00e4r m\u00f6jligt och inte, hur det \u00e4r l\u00e4mpligast att gr\u00e4va, var man kan koppla p\u00e5 osv.<\/p>\n<p>N\u00e4stan alltid \u00e4r det n\u00e5gon praktisk fr\u00e5ga p\u00e5 tapeten, en fl\u00e4kt i kopplingscontainern som l\u00e5ter konstigt eller en batteriback up som ska kopplas in, Rickard fixar det mesta. En st\u00e5ende punkt p\u00e5 dagordningen \u00e4r lantm\u00e4teriet, det \u00e4r m\u00e5nga kontrakt och kartunderlag som ska dokumenteras, \u00a0Jan sk\u00f6ter kontakten med lantm\u00e4teriet, Telia och alla myndigheter. Att skriva protokoll, boka f\u00f6rsamlingshemmet, fixa kaffe till m\u00f6tet och allm\u00e4nt h\u00e5lla ordning p\u00e5 oss \u00e4r Bennys uppgift.<\/p>\n<p><a href=\"http:\/\/sundalsryr.se\/wp-content\/uploads\/2020\/12\/DSC_0129.jpg\"><img loading=\"lazy\" decoding=\"async\" class=\"aligncenter  wp-image-4931\" src=\"http:\/\/sundalsryr.se\/wp-content\/uploads\/2020\/12\/DSC_0129-1024x768.jpg\" alt=\"\" width=\"730\" height=\"548\" srcset=\"http:\/\/sundalsryr.se\/wp-content\/uploads\/2020\/12\/DSC_0129-1024x768.jpg 1024w, http:\/\/sundalsryr.se\/wp-content\/uploads\/2020\/12\/DSC_0129-300x225.jpg 300w, http:\/\/sundalsryr.se\/wp-content\/uploads\/2020\/12\/DSC_0129-768x576.jpg 768w\" sizes=\"(max-width: 730px) 100vw, 730px\" \/><\/a><\/p>\n<p>Det som \u00e4r n\u00e4rmast f\u00f6rest\u00e5ende den h\u00e4r tiden p\u00e5 \u00e5ret \u00e4r som alltid avl\u00e4sningen av vattenm\u00e4tarna. I samband med \u00e5rsskiftet vill vi att alla vattenkunder kollar sin m\u00e4tare och rapporterar vad den st\u00e5r p\u00e5. Vi i styrelsen har mellan 15-20 kunder vardera som vi ska kontakta och be om aktuell m\u00e4tarst\u00e4llning, s\u00e5 det underl\u00e4ttar mycket f\u00f6r oss om ni rapporterar tillbaka s\u00e5 snart ni l\u00e4st av m\u00e4taren. \u00c4r ni gamla i gemet och vet vem som brukar h\u00f6ra av sig till er, f\u00e5r ni g\u00e4rna f\u00f6rekomma och ringa innan vi ringer er.<\/p>\n<p>H\u00e4r kommer telefonnumren till oss i styrelsen. Jan 0521-724214,\u00a0\u00a0 Rikard 073-8354723, \u00a0Benny 0521- 35037,\u00a0\u00a0 Sture 070-6535029,\u00a0\u00a0 Bengt-\u00e5ke 070-4415927,\u00a0 Roger 070-6553879,\u00a0 Susanne 076-8533576.<\/p>\n<p>\/Susanne Borss\u00e9n<\/p>\n<p>&nbsp;<\/p>\n<p>.<\/p>\n","protected":false},"excerpt":{"rendered":"<p>&nbsp; De flesta f\u00f6reningar har under detta \u00e5r minimerat antalet m\u00f6ten och tr\u00e4ffar s\u00e5 mycket som m\u00f6jligt, det g\u00e4ller \u00e4ven f\u00f6r Samf\u00e4llighetsf\u00f6reningen Sundals ryrs vatten och bredband, i dagligt tal \u201dvatten och fiberf\u00f6reningen\u201d. V\u00e5r f\u00f6rening \u00e4r v\u00e4l inarbetad med bra rutiner, s\u00e5 mycket av arbetet har enkelt kunnat sk\u00f6tas via mail och telefon, men ett&#8230;<\/p>\n","protected":false},"author":3,"featured_media":0,"comment_status":"open","ping_status":"open","sticky":false,"template":"","format":"standard","meta":{"_monsterinsights_skip_tracking":false,"_monsterinsights_sitenote_active":false,"_monsterinsights_sitenote_note":"","_monsterinsights_sitenote_category":0,"footnotes":""},"categories":[1],"tags":[],"class_list":["post-4930","post","type-post","status-publish","format-standard","hentry","category-aktuellt"],"_links":{"self":[{"href":"http:\/\/sundalsryr.se\/index.php?rest_route=\/wp\/v2\/posts\/4930"}],"collection":[{"href":"http:\/\/sundalsryr.se\/index.php?rest_route=\/wp\/v2\/posts"}],"about":[{"href":"http:\/\/sundalsryr.se\/index.php?rest_route=\/wp\/v2\/types\/post"}],"author":[{"embeddable":true,"href":"http:\/\/sundalsryr.se\/index.php?rest_route=\/wp\/v2\/users\/3"}],"replies":[{"embeddable":true,"href":"http:\/\/sundalsryr.se\/index.php?rest_route=%2Fwp%2Fv2%2Fcomments&post=4930"}],"version-history":[{"count":1,"href":"http:\/\/sundalsryr.se\/index.php?rest_route=\/wp\/v2\/posts\/4930\/revisions"}],"predecessor-version":[{"id":4932,"href":"http:\/\/sundalsryr.se\/index.php?rest_route=\/wp\/v2\/posts\/4930\/revisions\/4932"}],"wp:attachment":[{"href":"http:\/\/sundalsryr.se\/index.php?rest_route=%2Fwp%2Fv2%2Fmedia&parent=4930"}],"wp:term":[{"taxonomy":"category","embeddable":true,"href":"http:\/\/sundalsryr.se\/index.php?rest_route=%2Fwp%2Fv2%2Fcategories&post=4930"},{"taxonomy":"post_tag","embeddable":true,"href":"http:\/\/sundalsryr.se\/index.php?rest_route=%2Fwp%2Fv2%2Ftags&post=4930"}],"curies":[{"name":"wp","href":"https:\/\/api.w.org\/{rel}","templated":true}]}}