{"id":4933,"date":"2020-12-14T16:44:55","date_gmt":"2020-12-14T16:44:55","guid":{"rendered":"http:\/\/sundalsryr.se\/?p=4933"},"modified":"2020-12-14T16:44:55","modified_gmt":"2020-12-14T16:44:55","slug":"god-jul-och-gott-nytt-ar","status":"publish","type":"post","link":"http:\/\/sundalsryr.se\/?p=4933","title":{"rendered":"God Jul och Gott Nytt \u00e5r!"},"content":{"rendered":"<div class=\"gs\">\n<div class=\"\">\n<div id=\":pc\" class=\"ii gt\">\n<div id=\":ni\" class=\"a3s aiL \">\n<a href=\"http:\/\/sundalsryr.se\/wp-content\/uploads\/2020\/12\/download.jpg\"><img loading=\"lazy\" decoding=\"async\" class=\"aligncenter size-full wp-image-4934\" src=\"http:\/\/sundalsryr.se\/wp-content\/uploads\/2020\/12\/download.jpg\" alt=\"\" width=\"283\" height=\"178\" \/><\/a><br \/>\nEtt annorlunda \u00e5r lider mot sitt slut och vi i styrelsen hoppas att 2021 kan bli ett n\u00e5got mer normalt \u00e5r \u00e4n 2020.<\/p>\n<p>Vi har en hel del som vi vill genomf\u00f6ra under det kommande \u00e5ret men med de restriktioner som nu g\u00e4ller i samh\u00e4llet s\u00e5 ger det oss begr\u00e4nsade m\u00f6jlighet att planera och boka in aktiviteter, det g\u00f6r att vi just nu avvaktar och ser vad som sker i b\u00f6rjan av det nya \u00e5ret innan vi kommer ut med mer information om planerna f\u00f6r byalagets aktiviteter 2021.<\/p>\n<p>N\u00e4r det g\u00e4ller kommande \u00e5rsm\u00f6te s\u00e5 m\u00e5ste vi \u00e4ven d\u00e4r se hur och vad vi f\u00e5r g\u00f6ra och det kan bli aktuellt att k\u00f6ra det digitalt men mer information kommer n\u00e4r vi vet mer.<\/p>\n<p>Sist men inte minst s\u00e5 vill vi i styrelsen \u00f6nska alla en God Jul och ett Gott Nytt \u00e5r!<\/p>\n<p>\/Thomas Darberg<br \/>\nSundals ryrs byalag<\/p>\n<\/div>\n<div><\/div>\n<div><\/div>\n<div class=\"yj6qo\"><\/div>\n<\/div>\n<div class=\"hi\"><\/div>\n<\/div>\n<\/div>\n","protected":false},"excerpt":{"rendered":"<p>Ett annorlunda \u00e5r lider mot sitt slut och vi i styrelsen hoppas att 2021 kan bli ett n\u00e5got mer normalt \u00e5r \u00e4n 2020. Vi har en hel del som vi vill genomf\u00f6ra under det kommande \u00e5ret men med de restriktioner som nu g\u00e4ller i samh\u00e4llet s\u00e5 ger det oss begr\u00e4nsade m\u00f6jlighet att planera och boka&#8230;<\/p>\n","protected":false},"author":3,"featured_media":0,"comment_status":"open","ping_status":"open","sticky":false,"template":"","format":"standard","meta":{"_monsterinsights_skip_tracking":false,"_monsterinsights_sitenote_active":false,"_monsterinsights_sitenote_note":"","_monsterinsights_sitenote_category":0,"footnotes":""},"categories":[1],"tags":[],"class_list":["post-4933","post","type-post","status-publish","format-standard","hentry","category-aktuellt"],"_links":{"self":[{"href":"http:\/\/sundalsryr.se\/index.php?rest_route=\/wp\/v2\/posts\/4933"}],"collection":[{"href":"http:\/\/sundalsryr.se\/index.php?rest_route=\/wp\/v2\/posts"}],"about":[{"href":"http:\/\/sundalsryr.se\/index.php?rest_route=\/wp\/v2\/types\/post"}],"author":[{"embeddable":true,"href":"http:\/\/sundalsryr.se\/index.php?rest_route=\/wp\/v2\/users\/3"}],"replies":[{"embeddable":true,"href":"http:\/\/sundalsryr.se\/index.php?rest_route=%2Fwp%2Fv2%2Fcomments&post=4933"}],"version-history":[{"count":1,"href":"http:\/\/sundalsryr.se\/index.php?rest_route=\/wp\/v2\/posts\/4933\/revisions"}],"predecessor-version":[{"id":4935,"href":"http:\/\/sundalsryr.se\/index.php?rest_route=\/wp\/v2\/posts\/4933\/revisions\/4935"}],"wp:attachment":[{"href":"http:\/\/sundalsryr.se\/index.php?rest_route=%2Fwp%2Fv2%2Fmedia&parent=4933"}],"wp:term":[{"taxonomy":"category","embeddable":true,"href":"http:\/\/sundalsryr.se\/index.php?rest_route=%2Fwp%2Fv2%2Fcategories&post=4933"},{"taxonomy":"post_tag","embeddable":true,"href":"http:\/\/sundalsryr.se\/index.php?rest_route=%2Fwp%2Fv2%2Ftags&post=4933"}],"curies":[{"name":"wp","href":"https:\/\/api.w.org\/{rel}","templated":true}]}}