{"id":4941,"date":"2021-01-26T18:32:11","date_gmt":"2021-01-26T18:32:11","guid":{"rendered":"http:\/\/sundalsryr.se\/?p=4941"},"modified":"2021-02-05T18:32:57","modified_gmt":"2021-02-05T18:32:57","slug":"det-ar-inne-att-umgas-ute","status":"publish","type":"post","link":"http:\/\/sundalsryr.se\/?p=4941","title":{"rendered":"Det \u00e4r inne att umg\u00e5s ute"},"content":{"rendered":"<p><a href=\"http:\/\/sundalsryr.se\/wp-content\/uploads\/2021\/01\/DSC_0184.jpg\"><img loading=\"lazy\" decoding=\"async\" class=\"aligncenter wp-image-4942\" src=\"http:\/\/sundalsryr.se\/wp-content\/uploads\/2021\/01\/DSC_0184-1024x768.jpg\" alt=\"\" width=\"642\" height=\"482\" srcset=\"http:\/\/sundalsryr.se\/wp-content\/uploads\/2021\/01\/DSC_0184-1024x768.jpg 1024w, http:\/\/sundalsryr.se\/wp-content\/uploads\/2021\/01\/DSC_0184-300x225.jpg 300w, http:\/\/sundalsryr.se\/wp-content\/uploads\/2021\/01\/DSC_0184-768x576.jpg 768w\" sizes=\"(max-width: 642px) 100vw, 642px\" \/><\/a><\/p>\n<p>Om det \u00e4r n\u00e5got gott den h\u00e4r pandemin f\u00f6rt med sig s\u00e5 \u00e4r det att m\u00e5nga b\u00f6rjat umg\u00e5s mer utomhus. Man tr\u00e4ffar sl\u00e4kten och grillar korv, man g\u00e5r en promenad med v\u00e4nnerna eller dricker varm choklad \u00a0med barnbarnen insvept i filtar ute i tr\u00e4dg\u00e5rden. Vid skidans hus p\u00e5 Granan har det stundtals varit k\u00f6 till de tre grillplatserna n\u00e4r m\u00e5nga gjort en utflykt dit under vintern. \u00a0Det \u00e4r sannerligen h\u00e4rligt att se att v\u00e5ra traditioner och vanor med kalas och firande inte blir inst\u00e4llda, utan bara omst\u00e4llda.<\/p>\n<p>December var gr\u00e5 och m\u00f6rk, men delar januari har bjudit p\u00e5 vit sn\u00f6 och de dagar solen f\u00f6r\u00e4rar oss med sin glans \u00e4r verkligen v\u00e4lkomna. \u00a0Just en s\u00e5dan dag packade jag hund, man, kaffetermos och ett paket korv. \u00a0S\u00e5 sn\u00f6rde jag p\u00e5 k\u00e4ngorna och tog en tur till en av grillplatserna p\u00e5 Sundals ryrsleden. Den som ligger precis \u00f6ver K\u00e4rrs bergt\u00e4ckt.<\/p>\n<p><a href=\"http:\/\/sundalsryr.se\/wp-content\/uploads\/2021\/01\/DSC_0188.jpg\"><img loading=\"lazy\" decoding=\"async\" class=\"aligncenter wp-image-4943\" src=\"http:\/\/sundalsryr.se\/wp-content\/uploads\/2021\/01\/DSC_0188-1024x768.jpg\" alt=\"\" width=\"686\" height=\"915\" \/><\/a><\/p>\n<p>Sn\u00f6tyngda grenarna h\u00e4nger \u00f6ver stigen, det g\u00e4ller att huka sig f\u00f6r att inte f\u00e5 en dusch med sn\u00f6 i nacken. Luften \u00e4r kall, frisk och krispig, vintern visar sig denna dag fr\u00e5n sin absolut b\u00e4sta sida. Hunden hoppar runt oss av gl\u00e4dje. N\u00e4r vi n\u00e4rmar oss k\u00e4nner vi lukten r\u00f6k, n\u00e5gon f\u00f6re oss \u00e4r redan d\u00e4r. Vi vill inte st\u00f6ra och i dessa coronatider \u00e4r det verkligen \u00a0inte l\u00e4ge att tr\u00e4nga sig p\u00e5.<\/p>\n<p><a href=\"http:\/\/sundalsryr.se\/wp-content\/uploads\/2021\/01\/DSC_0193.jpg\"><img loading=\"lazy\" decoding=\"async\" class=\"aligncenter wp-image-4944\" src=\"http:\/\/sundalsryr.se\/wp-content\/uploads\/2021\/01\/DSC_0193-1024x570.jpg\" alt=\"\" width=\"672\" height=\"374\" srcset=\"http:\/\/sundalsryr.se\/wp-content\/uploads\/2021\/01\/DSC_0193-1024x570.jpg 1024w, http:\/\/sundalsryr.se\/wp-content\/uploads\/2021\/01\/DSC_0193-300x167.jpg 300w, http:\/\/sundalsryr.se\/wp-content\/uploads\/2021\/01\/DSC_0193-768x428.jpg 768w\" sizes=\"(max-width: 672px) 100vw, 672px\" \/><\/a><\/p>\n<p>Men n\u00e4r vi kommer fram till vindskyddet \u00e4r det ingen d\u00e4r, fast resterna av en falnande eld \u00e4r fortfarande varma. Eftermiddagssolens bleka str\u00e5lar skiner n\u00e4r vi l\u00e4gger ett par tidningspapper och n\u00e5gra nya vedtr\u00e4d p\u00e5 elden, vi bl\u00e5ser lite p\u00e5 gl\u00f6den och strax sprakar en trevlig liten eld.<\/p>\n<p>Som vanligt tittar vi p\u00e5 utsikten, det \u00e4r n\u00e5got med utsikt och m\u00e4nniskor, blicken dras automatiskt mot horisonten. D\u00e4r ser vi silon i Br\u00e5landa, d\u00e4r \u00e4r ett vindkraftverk och d\u00e4r \u00e4r spetsen av Halleberg. \u00c5krarna i Sundals ryr \u00e4r platta och vita av sn\u00f6, visste man inte kunde man l\u00e4tt missta dem f\u00f6r att vara sj\u00f6ar.<\/p>\n<p><a href=\"http:\/\/sundalsryr.se\/wp-content\/uploads\/2021\/01\/DSC_0203.jpg\"><img loading=\"lazy\" decoding=\"async\" class=\"aligncenter wp-image-4945\" src=\"http:\/\/sundalsryr.se\/wp-content\/uploads\/2021\/01\/DSC_0203-768x1024.jpg\" alt=\"\" width=\"608\" height=\"811\" srcset=\"http:\/\/sundalsryr.se\/wp-content\/uploads\/2021\/01\/DSC_0203-768x1024.jpg 768w, http:\/\/sundalsryr.se\/wp-content\/uploads\/2021\/01\/DSC_0203-225x300.jpg 225w\" sizes=\"(max-width: 608px) 100vw, 608px\" \/><\/a><\/p>\n<p>Det \u00e4r en kall dag, jag v\u00e4rmer h\u00e4nderna mot elden medan jag v\u00e4ntar p\u00e5 att det ska bli bra gl\u00f6d f\u00f6r att grilla korv. N\u00e4r man tittar in i elden \u00e4r det l\u00e4tt att dr\u00f6mma sig bort, begrunda det som varit, reflektera \u00f6ver det som \u00e4r och fundera \u00f6ver det som ska komma. Stort som sm\u00e5tt, allt och inget. Att titta in i en eld \u00e4r s\u00e5 ursprungligt, n\u00e5got m\u00e4nniskan gjort i tusentals \u00e5r. L\u00e5gorna dansar medan den bleka solen snabbt sjunker ner mot de sn\u00f6iga tallarna.<\/p>\n<p>Borde man ta ett rej\u00e4lt grepp om 2021 och avge l\u00f6ften om att ta vara p\u00e5 varje dag som att den vore den sista, g\u00f6ra det absolut b\u00e4sta av varje dag ? Men kanske \u00e4r det f\u00f6r klyschigt och kanske \u00e4r den ambitionen f\u00f6r h\u00f6g. \u00a0M\u00e5h\u00e4nda n\u00f6jer vi oss med att g\u00f6ra n\u00e5got litet som \u00e4r bra varje dag..<\/p>\n<p>Grillad korv med senap, fin utsikt, s\u00e4llskap, en v\u00e4rmande eld och kaffe. Vad mer kan man beg\u00e4ra\u2026.<\/p>\n<p>&nbsp;<\/p>\n<p>\/Susanne Borss\u00e9n<\/p>\n","protected":false},"excerpt":{"rendered":"<p>Om det \u00e4r n\u00e5got gott den h\u00e4r pandemin f\u00f6rt med sig s\u00e5 \u00e4r det att m\u00e5nga b\u00f6rjat umg\u00e5s mer utomhus. Man tr\u00e4ffar sl\u00e4kten och grillar korv, man g\u00e5r en promenad med v\u00e4nnerna eller dricker varm choklad \u00a0med barnbarnen insvept i filtar ute i tr\u00e4dg\u00e5rden. Vid skidans hus p\u00e5 Granan har det stundtals varit k\u00f6 till&#8230;<\/p>\n","protected":false},"author":3,"featured_media":0,"comment_status":"open","ping_status":"open","sticky":false,"template":"","format":"standard","meta":{"_monsterinsights_skip_tracking":false,"_monsterinsights_sitenote_active":false,"_monsterinsights_sitenote_note":"","_monsterinsights_sitenote_category":0,"footnotes":""},"categories":[1,11],"tags":[],"class_list":["post-4941","post","type-post","status-publish","format-standard","hentry","category-aktuellt","category-rapporter-fran-leden"],"_links":{"self":[{"href":"http:\/\/sundalsryr.se\/index.php?rest_route=\/wp\/v2\/posts\/4941"}],"collection":[{"href":"http:\/\/sundalsryr.se\/index.php?rest_route=\/wp\/v2\/posts"}],"about":[{"href":"http:\/\/sundalsryr.se\/index.php?rest_route=\/wp\/v2\/types\/post"}],"author":[{"embeddable":true,"href":"http:\/\/sundalsryr.se\/index.php?rest_route=\/wp\/v2\/users\/3"}],"replies":[{"embeddable":true,"href":"http:\/\/sundalsryr.se\/index.php?rest_route=%2Fwp%2Fv2%2Fcomments&post=4941"}],"version-history":[{"count":3,"href":"http:\/\/sundalsryr.se\/index.php?rest_route=\/wp\/v2\/posts\/4941\/revisions"}],"predecessor-version":[{"id":4948,"href":"http:\/\/sundalsryr.se\/index.php?rest_route=\/wp\/v2\/posts\/4941\/revisions\/4948"}],"wp:attachment":[{"href":"http:\/\/sundalsryr.se\/index.php?rest_route=%2Fwp%2Fv2%2Fmedia&parent=4941"}],"wp:term":[{"taxonomy":"category","embeddable":true,"href":"http:\/\/sundalsryr.se\/index.php?rest_route=%2Fwp%2Fv2%2Fcategories&post=4941"},{"taxonomy":"post_tag","embeddable":true,"href":"http:\/\/sundalsryr.se\/index.php?rest_route=%2Fwp%2Fv2%2Ftags&post=4941"}],"curies":[{"name":"wp","href":"https:\/\/api.w.org\/{rel}","templated":true}]}}