{"id":5087,"date":"2021-07-28T12:13:01","date_gmt":"2021-07-28T12:13:01","guid":{"rendered":"http:\/\/sundalsryr.se\/?p=5087"},"modified":"2021-07-28T12:13:01","modified_gmt":"2021-07-28T12:13:01","slug":"sundals-ryr-fran-ovan","status":"publish","type":"post","link":"http:\/\/sundalsryr.se\/?p=5087","title":{"rendered":"Sundals ryr fr\u00e5n ovan"},"content":{"rendered":"<p><a href=\"http:\/\/sundalsryr.se\/wp-content\/uploads\/2021\/07\/DSC_0468.jpg\"><img loading=\"lazy\" decoding=\"async\" class=\"aligncenter  wp-image-5088\" src=\"http:\/\/sundalsryr.se\/wp-content\/uploads\/2021\/07\/DSC_0468-812x1024.jpg\" alt=\"\" width=\"665\" height=\"839\" srcset=\"http:\/\/sundalsryr.se\/wp-content\/uploads\/2021\/07\/DSC_0468-812x1024.jpg 812w, http:\/\/sundalsryr.se\/wp-content\/uploads\/2021\/07\/DSC_0468-238x300.jpg 238w, http:\/\/sundalsryr.se\/wp-content\/uploads\/2021\/07\/DSC_0468-768x969.jpg 768w, http:\/\/sundalsryr.se\/wp-content\/uploads\/2021\/07\/DSC_0468.jpg 857w\" sizes=\"(max-width: 665px) 100vw, 665px\" \/><\/a><\/p>\n<p>P\u00e5 eftermiddagen hopade sig m\u00f6rka moln \u00f6ver Sundals ryr, ,men strax efter klockan 4 ljusnade det och regnet upph\u00f6rde, s\u00e5 det blev en mycket lyckad eftermiddag f\u00f6r helikopterflygning.<\/p>\n<p>Helikoptern fr\u00e5n Helinord tog som mest 6 personer \u00e5t g\u00e5ngen p\u00e5 sin rundtur \u00f6ver Sundals ryr. Piloten hade 2 medhj\u00e4lpare p\u00e5 marken som p\u00e5 ett proffsigt s\u00e4tt f\u00f6rklarade f\u00f6r oss hur vi skulle g\u00f6ra. Ta p\u00e5 h\u00f6rselskydd och g\u00e5 sedan rakt mot helikopern s\u00e4ger han, alla stiger p\u00e5 p\u00e5 v\u00e4nster sida och man f\u00e5r absolut inte g\u00e5 bakom helikoptern. Medhj\u00e4lparna kollade s\u00e5 att alla sp\u00e4nt fast s\u00e4kerhetsb\u00e4ltena ordentligt och gav sedan klartecken till piloten.<\/p>\n<p><a href=\"http:\/\/sundalsryr.se\/wp-content\/uploads\/2021\/07\/DSC_0470.jpg\"><img loading=\"lazy\" decoding=\"async\" class=\"aligncenter  wp-image-5089\" src=\"http:\/\/sundalsryr.se\/wp-content\/uploads\/2021\/07\/DSC_0470-768x1024.jpg\" alt=\"\" width=\"622\" height=\"829\" srcset=\"http:\/\/sundalsryr.se\/wp-content\/uploads\/2021\/07\/DSC_0470-768x1024.jpg 768w, http:\/\/sundalsryr.se\/wp-content\/uploads\/2021\/07\/DSC_0470-225x300.jpg 225w, http:\/\/sundalsryr.se\/wp-content\/uploads\/2021\/07\/DSC_0470.jpg 1200w\" sizes=\"(max-width: 622px) 100vw, 622px\" \/><\/a><\/p>\n<p>Upp i luften bar det, \u00a0och tro det eller ej, men v\u00e5r fina bygd \u00e4r \u00e4nnu finare fr\u00e5n ovan. \u00a0\u00c5krarna skiftar i gula och gr\u00f6na nyanser och skogen bildar \u00f6ar i det vidstr\u00e4ckta \u00e5kerlandskapet. V\u00e4garna som p\u00e5 marken \u00e4r s\u00e5 framtr\u00e4dande f\u00f6rsvinner n\u00e4stan och man f\u00e5r riktigt t\u00e4nka till n\u00e4r man ser en klunga hus, f\u00f6r att komma p\u00e5 var det \u00e4r n\u00e5gonstans. \u00a0Bollungen med sitt bl\u00e5 vatten, Kroppefj\u00e4ll med sin m\u00f6rka skog och K\u00e4rrs bergt\u00e4ckt kan man dock inte missta sig p\u00e5.<\/p>\n<p><a href=\"http:\/\/sundalsryr.se\/wp-content\/uploads\/2021\/07\/DSC_0476.jpg\"><img loading=\"lazy\" decoding=\"async\" class=\"aligncenter  wp-image-5090\" src=\"http:\/\/sundalsryr.se\/wp-content\/uploads\/2021\/07\/DSC_0476-768x1024.jpg\" alt=\"\" width=\"608\" height=\"811\" srcset=\"http:\/\/sundalsryr.se\/wp-content\/uploads\/2021\/07\/DSC_0476-768x1024.jpg 768w, http:\/\/sundalsryr.se\/wp-content\/uploads\/2021\/07\/DSC_0476-225x300.jpg 225w, http:\/\/sundalsryr.se\/wp-content\/uploads\/2021\/07\/DSC_0476.jpg 1200w\" sizes=\"(max-width: 608px) 100vw, 608px\" \/><\/a><\/p>\n<p>Tyv\u00e4rr gick de f\u00e5 minutrarna uppe i luften alldeles f\u00f6r fort, det pirrar i magen n\u00e4r piloten g\u00f6r en skarp sv\u00e4ng f\u00f6r att \u00e5ter g\u00e5 ner i Fryklunds h\u00e4sthage sl\u00e4ppa av oss och genast ta ombord n\u00e4sta g\u00e4ng med flygsugna passagerare. Flera s\u00e4llskap hade f\u00f6rbokat att de ville betala lite extra f\u00f6r att f\u00e5 \u00e5ka en hel kvart, s\u00e5h\u00e4r i efterhand kan man tycka att det var ett smart val. Man hinner inte se s\u00e5 mycket p\u00e5 bara 5 minuter och att f\u00e5 till n\u00e5gra bra bilder med bara mobilkamera var om\u00f6jligt. Men det var v\u00e4ldigt trevlig att prova p\u00e5 en helikoptertur.<\/p>\n<p>\/Susanne Borss\u00e9n<\/p>\n<p>&nbsp;<\/p>\n<p>.<\/p>\n","protected":false},"excerpt":{"rendered":"<p>P\u00e5 eftermiddagen hopade sig m\u00f6rka moln \u00f6ver Sundals ryr, ,men strax efter klockan 4 ljusnade det och regnet upph\u00f6rde, s\u00e5 det blev en mycket lyckad eftermiddag f\u00f6r helikopterflygning. Helikoptern fr\u00e5n Helinord tog som mest 6 personer \u00e5t g\u00e5ngen p\u00e5 sin rundtur \u00f6ver Sundals ryr. Piloten hade 2 medhj\u00e4lpare p\u00e5 marken som p\u00e5 ett proffsigt s\u00e4tt&#8230;<\/p>\n","protected":false},"author":3,"featured_media":0,"comment_status":"open","ping_status":"open","sticky":false,"template":"","format":"standard","meta":{"_monsterinsights_skip_tracking":false,"_monsterinsights_sitenote_active":false,"_monsterinsights_sitenote_note":"","_monsterinsights_sitenote_category":0,"footnotes":""},"categories":[1],"tags":[],"class_list":["post-5087","post","type-post","status-publish","format-standard","hentry","category-aktuellt"],"_links":{"self":[{"href":"http:\/\/sundalsryr.se\/index.php?rest_route=\/wp\/v2\/posts\/5087"}],"collection":[{"href":"http:\/\/sundalsryr.se\/index.php?rest_route=\/wp\/v2\/posts"}],"about":[{"href":"http:\/\/sundalsryr.se\/index.php?rest_route=\/wp\/v2\/types\/post"}],"author":[{"embeddable":true,"href":"http:\/\/sundalsryr.se\/index.php?rest_route=\/wp\/v2\/users\/3"}],"replies":[{"embeddable":true,"href":"http:\/\/sundalsryr.se\/index.php?rest_route=%2Fwp%2Fv2%2Fcomments&post=5087"}],"version-history":[{"count":1,"href":"http:\/\/sundalsryr.se\/index.php?rest_route=\/wp\/v2\/posts\/5087\/revisions"}],"predecessor-version":[{"id":5091,"href":"http:\/\/sundalsryr.se\/index.php?rest_route=\/wp\/v2\/posts\/5087\/revisions\/5091"}],"wp:attachment":[{"href":"http:\/\/sundalsryr.se\/index.php?rest_route=%2Fwp%2Fv2%2Fmedia&parent=5087"}],"wp:term":[{"taxonomy":"category","embeddable":true,"href":"http:\/\/sundalsryr.se\/index.php?rest_route=%2Fwp%2Fv2%2Fcategories&post=5087"},{"taxonomy":"post_tag","embeddable":true,"href":"http:\/\/sundalsryr.se\/index.php?rest_route=%2Fwp%2Fv2%2Ftags&post=5087"}],"curies":[{"name":"wp","href":"https:\/\/api.w.org\/{rel}","templated":true}]}}