{"id":5166,"date":"2021-10-06T19:48:09","date_gmt":"2021-10-06T19:48:09","guid":{"rendered":"http:\/\/sundalsryr.se\/?p=5166"},"modified":"2021-10-06T19:49:53","modified_gmt":"2021-10-06T19:49:53","slug":"den-13-november-har-vi-bygdefest","status":"publish","type":"post","link":"http:\/\/sundalsryr.se\/?p=5166","title":{"rendered":"Den 13 november har vi bygdefest!"},"content":{"rendered":"<p>&nbsp;<\/p>\n<p>Vi ska fira att Sundals ryrs f\u00f6rsamlingshem blir kvar som bygdens m\u00f6tesplats, fast nu med nya \u00e4gare.<\/p>\n<p>Mellan kl 11-13 \u00e4r det \u201ddrop-in\u201d kaffekalas med underh\u00e5llning av Stefan &amp; Triolerna. Alla \u00e4r varmt v\u00e4lkomna.\u00a0 Om du skulle kunna t\u00e4nka dig att baka n\u00e5got till kaffekalaset s\u00e5 blir vi j\u00e4tteglada. En sm\u00e5kaka, en sockerkaka eller n\u00e5gra bullar, du best\u00e4mmer sj\u00e4lv. Ta med det till f\u00f6rsamlingshemmet strax f\u00f6re 11 eller h\u00f6r av dig till Susanne p\u00e5 tele 076-8533576 s\u00e5 kan vi ta emot det p\u00e5 annan tid.<\/p>\n<p><a href=\"http:\/\/sundalsryr.se\/wp-content\/uploads\/2021\/10\/231853668_961148091392543_7087274095642080640_n.jpg\"><img loading=\"lazy\" decoding=\"async\" class=\"aligncenter wp-image-5167\" src=\"http:\/\/sundalsryr.se\/wp-content\/uploads\/2021\/10\/231853668_961148091392543_7087274095642080640_n.jpg\" alt=\"\" width=\"413\" height=\"310\" srcset=\"http:\/\/sundalsryr.se\/wp-content\/uploads\/2021\/10\/231853668_961148091392543_7087274095642080640_n.jpg 1440w, http:\/\/sundalsryr.se\/wp-content\/uploads\/2021\/10\/231853668_961148091392543_7087274095642080640_n-300x225.jpg 300w, http:\/\/sundalsryr.se\/wp-content\/uploads\/2021\/10\/231853668_961148091392543_7087274095642080640_n-768x576.jpg 768w, http:\/\/sundalsryr.se\/wp-content\/uploads\/2021\/10\/231853668_961148091392543_7087274095642080640_n-1024x768.jpg 1024w\" sizes=\"(max-width: 413px) 100vw, 413px\" \/><\/a><\/p>\n<p>Kl 18.00 \u00e4r det pubkv\u00e4ll. Det bli underh\u00e5llning av trubadurerna Filip &amp; Martin och Dalslands Foodtruck, som \u00e4r k\u00e4nd f\u00f6r sin goda mat, st\u00e5r f\u00f6r maten. Intr\u00e4de, mat och underh\u00e5llning kostar 300 kr. Dryck tar man med sj\u00e4lv.<\/p>\n<p><a href=\"http:\/\/sundalsryr.se\/wp-content\/uploads\/2021\/10\/FTD-truck-1.jpg\"><img loading=\"lazy\" decoding=\"async\" class=\" wp-image-5168\" src=\"http:\/\/sundalsryr.se\/wp-content\/uploads\/2021\/10\/FTD-truck-1.jpg\" alt=\"\" width=\"486\" height=\"563\" srcset=\"http:\/\/sundalsryr.se\/wp-content\/uploads\/2021\/10\/FTD-truck-1.jpg 1666w, http:\/\/sundalsryr.se\/wp-content\/uploads\/2021\/10\/FTD-truck-1-259x300.jpg 259w, http:\/\/sundalsryr.se\/wp-content\/uploads\/2021\/10\/FTD-truck-1-768x890.jpg 768w, http:\/\/sundalsryr.se\/wp-content\/uploads\/2021\/10\/FTD-truck-1-884x1024.jpg 884w\" sizes=\"(max-width: 486px) 100vw, 486px\" \/><\/a><\/p>\n<p>Till pubkv\u00e4llen m\u00e5ste man anm\u00e4la sig till Thomas Darberg tele 073-4244493 eller mail <a href=\"mailto:thda75@hotmail.com\">thda75@hotmail.com<\/a>.<\/p>\n<p>Missa inte denna j\u00e4ttefest i sann Sunddals ryrs-anda, m\u00e5nga har redan anm\u00e4lt sig, men det finns platser kvar.<\/p>\n<h1 style=\"text-align: center;\"><strong>V\u00e4lkomna!<\/strong><\/h1>\n<p>&nbsp;<\/p>\n<p>.<\/p>\n","protected":false},"excerpt":{"rendered":"<p>&nbsp; Vi ska fira att Sundals ryrs f\u00f6rsamlingshem blir kvar som bygdens m\u00f6tesplats, fast nu med nya \u00e4gare. Mellan kl 11-13 \u00e4r det \u201ddrop-in\u201d kaffekalas med underh\u00e5llning av Stefan &amp; Triolerna. Alla \u00e4r varmt v\u00e4lkomna.\u00a0 Om du skulle kunna t\u00e4nka dig att baka n\u00e5got till kaffekalaset s\u00e5 blir vi j\u00e4tteglada. En sm\u00e5kaka, en sockerkaka eller&#8230;<\/p>\n","protected":false},"author":3,"featured_media":0,"comment_status":"open","ping_status":"open","sticky":false,"template":"","format":"standard","meta":{"_monsterinsights_skip_tracking":false,"_monsterinsights_sitenote_active":false,"_monsterinsights_sitenote_note":"","_monsterinsights_sitenote_category":0,"footnotes":""},"categories":[1],"tags":[],"class_list":["post-5166","post","type-post","status-publish","format-standard","hentry","category-aktuellt"],"_links":{"self":[{"href":"http:\/\/sundalsryr.se\/index.php?rest_route=\/wp\/v2\/posts\/5166"}],"collection":[{"href":"http:\/\/sundalsryr.se\/index.php?rest_route=\/wp\/v2\/posts"}],"about":[{"href":"http:\/\/sundalsryr.se\/index.php?rest_route=\/wp\/v2\/types\/post"}],"author":[{"embeddable":true,"href":"http:\/\/sundalsryr.se\/index.php?rest_route=\/wp\/v2\/users\/3"}],"replies":[{"embeddable":true,"href":"http:\/\/sundalsryr.se\/index.php?rest_route=%2Fwp%2Fv2%2Fcomments&post=5166"}],"version-history":[{"count":3,"href":"http:\/\/sundalsryr.se\/index.php?rest_route=\/wp\/v2\/posts\/5166\/revisions"}],"predecessor-version":[{"id":5171,"href":"http:\/\/sundalsryr.se\/index.php?rest_route=\/wp\/v2\/posts\/5166\/revisions\/5171"}],"wp:attachment":[{"href":"http:\/\/sundalsryr.se\/index.php?rest_route=%2Fwp%2Fv2%2Fmedia&parent=5166"}],"wp:term":[{"taxonomy":"category","embeddable":true,"href":"http:\/\/sundalsryr.se\/index.php?rest_route=%2Fwp%2Fv2%2Fcategories&post=5166"},{"taxonomy":"post_tag","embeddable":true,"href":"http:\/\/sundalsryr.se\/index.php?rest_route=%2Fwp%2Fv2%2Ftags&post=5166"}],"curies":[{"name":"wp","href":"https:\/\/api.w.org\/{rel}","templated":true}]}}