{"id":5172,"date":"2021-10-12T16:54:46","date_gmt":"2021-10-12T16:54:46","guid":{"rendered":"http:\/\/sundalsryr.se\/?p=5172"},"modified":"2021-10-12T16:54:46","modified_gmt":"2021-10-12T16:54:46","slug":"hostens-inspirationsforelasning","status":"publish","type":"post","link":"http:\/\/sundalsryr.se\/?p=5172","title":{"rendered":"H\u00f6stens inspirationsf\u00f6rel\u00e4sning"},"content":{"rendered":"<p><a href=\"http:\/\/sundalsryr.se\/wp-content\/uploads\/2021\/10\/lindaakerberg01.jpg\"><img loading=\"lazy\" decoding=\"async\" class=\"aligncenter  wp-image-5173\" src=\"http:\/\/sundalsryr.se\/wp-content\/uploads\/2021\/10\/lindaakerberg01.jpg\" alt=\"\" width=\"583\" height=\"389\" srcset=\"http:\/\/sundalsryr.se\/wp-content\/uploads\/2021\/10\/lindaakerberg01.jpg 7952w, http:\/\/sundalsryr.se\/wp-content\/uploads\/2021\/10\/lindaakerberg01-300x200.jpg 300w, http:\/\/sundalsryr.se\/wp-content\/uploads\/2021\/10\/lindaakerberg01-768x512.jpg 768w, http:\/\/sundalsryr.se\/wp-content\/uploads\/2021\/10\/lindaakerberg01-1024x683.jpg 1024w\" sizes=\"(max-width: 583px) 100vw, 583px\" \/><\/a><\/p>\n<p>Torsdagen den 21\/10 kl 19 \u00e4r det f\u00f6rel\u00e4sning med <strong>\u00e4ventyraren och fotografen Linda \u00c5kerberg<\/strong>, i Sundals Ryrs f\u00f6rsamlingshem.<\/p>\n<p>Linda \u00e4r fr\u00e4mst k\u00e4nd f\u00f6r sina l\u00e5nga \u00e4ventyr genom vildmarkerna. 2016 vandrade hon l\u00e5ngdistansleden Pacific Crest Trail, 428 mil mellan Mexiko och Kanada.<\/p>\n<p><a href=\"http:\/\/sundalsryr.se\/wp-content\/uploads\/2021\/10\/lindaakerberg03.jpg\"><img loading=\"lazy\" decoding=\"async\" class=\"aligncenter  wp-image-5174\" src=\"http:\/\/sundalsryr.se\/wp-content\/uploads\/2021\/10\/lindaakerberg03.jpg\" alt=\"\" width=\"474\" height=\"316\" srcset=\"http:\/\/sundalsryr.se\/wp-content\/uploads\/2021\/10\/lindaakerberg03.jpg 2000w, http:\/\/sundalsryr.se\/wp-content\/uploads\/2021\/10\/lindaakerberg03-300x200.jpg 300w, http:\/\/sundalsryr.se\/wp-content\/uploads\/2021\/10\/lindaakerberg03-768x511.jpg 768w, http:\/\/sundalsryr.se\/wp-content\/uploads\/2021\/10\/lindaakerberg03-1024x682.jpg 1024w\" sizes=\"(max-width: 474px) 100vw, 474px\" \/><\/a><\/p>\n<p>2019 tog hon sig 485 mil genom att vandra, cykla och paddla genom Sveriges alla 25 landskap, fr\u00e5n Smygehuk i s\u00f6der till Treriksr\u00f6set i norr. F\u00f6r detta \u00e4ventyr bel\u00f6nades hon med den prestigefyllda utm\u00e4rkelsen \u00c5rets Kvinnliga \u00c4ventyrare.<\/p>\n<p><a href=\"http:\/\/sundalsryr.se\/wp-content\/uploads\/2021\/10\/lindaakerberg04.jpg\"><img loading=\"lazy\" decoding=\"async\" class=\"aligncenter  wp-image-5175\" src=\"http:\/\/sundalsryr.se\/wp-content\/uploads\/2021\/10\/lindaakerberg04.jpg\" alt=\"\" width=\"575\" height=\"384\" srcset=\"http:\/\/sundalsryr.se\/wp-content\/uploads\/2021\/10\/lindaakerberg04.jpg 2000w, http:\/\/sundalsryr.se\/wp-content\/uploads\/2021\/10\/lindaakerberg04-300x200.jpg 300w, http:\/\/sundalsryr.se\/wp-content\/uploads\/2021\/10\/lindaakerberg04-768x512.jpg 768w, http:\/\/sundalsryr.se\/wp-content\/uploads\/2021\/10\/lindaakerberg04-1024x683.jpg 1024w\" sizes=\"(max-width: 575px) 100vw, 575px\" \/><\/a><\/p>\n<p>Vill ni l\u00e4sa mer s\u00e5 kolla g\u00e4rna hennes hemsida <a href=\"https:\/\/wilderness-stories.com\/category\/lindas-blogg\/\">https:\/\/wilderness-stories.com\/category\/lindas-blogg\/<\/a><\/p>\n<p>F\u00f6rel\u00e4sningen \u00e4r ett samarbete med SK Granan och kostar 50 kr f\u00f6r barn\/ungdomar och 100 kr f\u00f6r vuxna. Fika finns att k\u00f6pa till sj\u00e4lvkostnadspris. Ingen anm\u00e4lan kr\u00e4vs.<\/p>\n<p>&nbsp;<\/p>\n<p>SK Granan och Sundals ryrs byalag<\/p>\n","protected":false},"excerpt":{"rendered":"<p>Torsdagen den 21\/10 kl 19 \u00e4r det f\u00f6rel\u00e4sning med \u00e4ventyraren och fotografen Linda \u00c5kerberg, i Sundals Ryrs f\u00f6rsamlingshem. Linda \u00e4r fr\u00e4mst k\u00e4nd f\u00f6r sina l\u00e5nga \u00e4ventyr genom vildmarkerna. 2016 vandrade hon l\u00e5ngdistansleden Pacific Crest Trail, 428 mil mellan Mexiko och Kanada. 2019 tog hon sig 485 mil genom att vandra, cykla och paddla genom Sveriges&#8230;<\/p>\n","protected":false},"author":3,"featured_media":0,"comment_status":"open","ping_status":"open","sticky":false,"template":"","format":"standard","meta":{"_monsterinsights_skip_tracking":false,"_monsterinsights_sitenote_active":false,"_monsterinsights_sitenote_note":"","_monsterinsights_sitenote_category":0,"footnotes":""},"categories":[1],"tags":[],"class_list":["post-5172","post","type-post","status-publish","format-standard","hentry","category-aktuellt"],"_links":{"self":[{"href":"http:\/\/sundalsryr.se\/index.php?rest_route=\/wp\/v2\/posts\/5172"}],"collection":[{"href":"http:\/\/sundalsryr.se\/index.php?rest_route=\/wp\/v2\/posts"}],"about":[{"href":"http:\/\/sundalsryr.se\/index.php?rest_route=\/wp\/v2\/types\/post"}],"author":[{"embeddable":true,"href":"http:\/\/sundalsryr.se\/index.php?rest_route=\/wp\/v2\/users\/3"}],"replies":[{"embeddable":true,"href":"http:\/\/sundalsryr.se\/index.php?rest_route=%2Fwp%2Fv2%2Fcomments&post=5172"}],"version-history":[{"count":1,"href":"http:\/\/sundalsryr.se\/index.php?rest_route=\/wp\/v2\/posts\/5172\/revisions"}],"predecessor-version":[{"id":5176,"href":"http:\/\/sundalsryr.se\/index.php?rest_route=\/wp\/v2\/posts\/5172\/revisions\/5176"}],"wp:attachment":[{"href":"http:\/\/sundalsryr.se\/index.php?rest_route=%2Fwp%2Fv2%2Fmedia&parent=5172"}],"wp:term":[{"taxonomy":"category","embeddable":true,"href":"http:\/\/sundalsryr.se\/index.php?rest_route=%2Fwp%2Fv2%2Fcategories&post=5172"},{"taxonomy":"post_tag","embeddable":true,"href":"http:\/\/sundalsryr.se\/index.php?rest_route=%2Fwp%2Fv2%2Ftags&post=5172"}],"curies":[{"name":"wp","href":"https:\/\/api.w.org\/{rel}","templated":true}]}}