{"id":5178,"date":"2021-10-17T15:13:50","date_gmt":"2021-10-17T15:13:50","guid":{"rendered":"http:\/\/sundalsryr.se\/?p=5178"},"modified":"2021-10-17T15:13:50","modified_gmt":"2021-10-17T15:13:50","slug":"nya-agare-till-forsamlingshemmet","status":"publish","type":"post","link":"http:\/\/sundalsryr.se\/?p=5178","title":{"rendered":"Nya \u00e4gare till f\u00f6rsamlingshemmet"},"content":{"rendered":"<p>Br\u00e5landa pastorat har under en l\u00e4ngre tid dragits med problemet att de har f\u00f6r m\u00e5nga byggnader och d\u00e4rmed f\u00f6r h\u00f6ga kostnader. I vintras best\u00e4mde man d\u00e4rf\u00f6r att s\u00e4lja tv\u00e5 av f\u00f6rsamlingshemmen. Det i Gestad och det h\u00e4r i Sundals ryr. Byalaget och boende i Sundals ryr fick fr\u00e5gan om n\u00e5gon var intresserad av att k\u00f6pa, innan man annonserade p\u00e5 \u00f6ppna marknaden.<\/p>\n<p>Att det \u00e4ven fram\u00f6ver beh\u00f6vdes en samlingslokal i bygden var det ingen tvekan om. \u00a0Men byalaget konstaterade ganska snabbt att man inte hade det ideella engagemang och de ekonomiska m\u00f6jligheterna som kr\u00e4vdes f\u00f6r ett s\u00e5 stort projekt. \u00c4ven om alla var eniga om att vi verkligen ville ha m\u00f6jligheten att nyttja \u00a0v\u00e5rt fina f\u00f6rsamlingshem \u00e4ven i framtiden.<\/p>\n<p>En s\u00e5n tur vi har d\u00e5 det visade sig att det finns driftiga m\u00e4nniskor i bygden som \u00e4r villiga att k\u00f6pa, ta ansvar och driva f\u00f6rsamlingshemmet.\u00a0 P\u00e5 s\u00e5 s\u00e4tt kan alla vi som bor h\u00e4r \u00e4ven i forts\u00e4ttningen hyra lokalen f\u00f6r dop, br\u00f6llop, begravning, kalas, fester och andra arrangemang.<\/p>\n<p><a href=\"http:\/\/sundalsryr.se\/wp-content\/uploads\/2021\/10\/DSC_0597.jpg\"><img loading=\"lazy\" decoding=\"async\" class=\"aligncenter wp-image-5179\" src=\"http:\/\/sundalsryr.se\/wp-content\/uploads\/2021\/10\/DSC_0597.jpg\" alt=\"\" width=\"693\" height=\"520\" srcset=\"http:\/\/sundalsryr.se\/wp-content\/uploads\/2021\/10\/DSC_0597.jpg 4000w, http:\/\/sundalsryr.se\/wp-content\/uploads\/2021\/10\/DSC_0597-300x225.jpg 300w, http:\/\/sundalsryr.se\/wp-content\/uploads\/2021\/10\/DSC_0597-768x576.jpg 768w, http:\/\/sundalsryr.se\/wp-content\/uploads\/2021\/10\/DSC_0597-1024x768.jpg 1024w\" sizes=\"(max-width: 693px) 100vw, 693px\" \/><\/a><\/p>\n<p><strong>Den 15 oktober tilltr\u00e4dde de nya \u00e4garna : Kenneth Manvik, Louise Karlsson, Rikard Pettersson och Marie Karlsson. <\/strong><\/p>\n<p>Alla i Sundals ryr och framf\u00f6rallt vi i byalaget \u00e4r s\u00e5 innerligt tacksamma f\u00f6r denna l\u00f6sning. Utan f\u00f6rsamlingshemmet hade det varit mycket sv\u00e5rt f\u00f6r oss att ha n\u00e5gra inomhusaktiviteter i v\u00e5rt program.<\/p>\n<p>Vill du hyra lokalen \u00e4r det bara att ta kontakt med Rikard Pettersson 073-835 47 23 eller mail <a href=\"mailto:rickard.pettersson86@hotmail.com\">rickard.pettersson86@hotmail.com<\/a><\/p>\n<p>Vi \u00f6nskar de nya \u00e4garna ett stort lycka till !<\/p>\n<p>&nbsp;<\/p>\n<p>\/Susanne Borss\u00e9n<\/p>\n<p>.<\/p>\n","protected":false},"excerpt":{"rendered":"<p>Br\u00e5landa pastorat har under en l\u00e4ngre tid dragits med problemet att de har f\u00f6r m\u00e5nga byggnader och d\u00e4rmed f\u00f6r h\u00f6ga kostnader. I vintras best\u00e4mde man d\u00e4rf\u00f6r att s\u00e4lja tv\u00e5 av f\u00f6rsamlingshemmen. Det i Gestad och det h\u00e4r i Sundals ryr. Byalaget och boende i Sundals ryr fick fr\u00e5gan om n\u00e5gon var intresserad av att k\u00f6pa,&#8230;<\/p>\n","protected":false},"author":3,"featured_media":0,"comment_status":"open","ping_status":"open","sticky":false,"template":"","format":"standard","meta":{"_monsterinsights_skip_tracking":false,"_monsterinsights_sitenote_active":false,"_monsterinsights_sitenote_note":"","_monsterinsights_sitenote_category":0,"footnotes":""},"categories":[1,20],"tags":[],"class_list":["post-5178","post","type-post","status-publish","format-standard","hentry","category-aktuellt","category-forsamlingshemmet"],"_links":{"self":[{"href":"http:\/\/sundalsryr.se\/index.php?rest_route=\/wp\/v2\/posts\/5178"}],"collection":[{"href":"http:\/\/sundalsryr.se\/index.php?rest_route=\/wp\/v2\/posts"}],"about":[{"href":"http:\/\/sundalsryr.se\/index.php?rest_route=\/wp\/v2\/types\/post"}],"author":[{"embeddable":true,"href":"http:\/\/sundalsryr.se\/index.php?rest_route=\/wp\/v2\/users\/3"}],"replies":[{"embeddable":true,"href":"http:\/\/sundalsryr.se\/index.php?rest_route=%2Fwp%2Fv2%2Fcomments&post=5178"}],"version-history":[{"count":1,"href":"http:\/\/sundalsryr.se\/index.php?rest_route=\/wp\/v2\/posts\/5178\/revisions"}],"predecessor-version":[{"id":5180,"href":"http:\/\/sundalsryr.se\/index.php?rest_route=\/wp\/v2\/posts\/5178\/revisions\/5180"}],"wp:attachment":[{"href":"http:\/\/sundalsryr.se\/index.php?rest_route=%2Fwp%2Fv2%2Fmedia&parent=5178"}],"wp:term":[{"taxonomy":"category","embeddable":true,"href":"http:\/\/sundalsryr.se\/index.php?rest_route=%2Fwp%2Fv2%2Fcategories&post=5178"},{"taxonomy":"post_tag","embeddable":true,"href":"http:\/\/sundalsryr.se\/index.php?rest_route=%2Fwp%2Fv2%2Ftags&post=5178"}],"curies":[{"name":"wp","href":"https:\/\/api.w.org\/{rel}","templated":true}]}}