{"id":5184,"date":"2021-10-28T18:20:38","date_gmt":"2021-10-28T18:20:38","guid":{"rendered":"http:\/\/sundalsryr.se\/?p=5184"},"modified":"2021-10-28T18:20:38","modified_gmt":"2021-10-28T18:20:38","slug":"aventyrs-forelasningen","status":"publish","type":"post","link":"http:\/\/sundalsryr.se\/?p=5184","title":{"rendered":"\u00c4ventyrs f\u00f6rel\u00e4sningen"},"content":{"rendered":"<p><a href=\"http:\/\/sundalsryr.se\/wp-content\/uploads\/2021\/10\/lindaakerberg06.jpg\"><img loading=\"lazy\" decoding=\"async\" class=\"aligncenter  wp-image-5185\" src=\"http:\/\/sundalsryr.se\/wp-content\/uploads\/2021\/10\/lindaakerberg06.jpg\" alt=\"\" width=\"690\" height=\"1035\" srcset=\"http:\/\/sundalsryr.se\/wp-content\/uploads\/2021\/10\/lindaakerberg06.jpg 1333w, http:\/\/sundalsryr.se\/wp-content\/uploads\/2021\/10\/lindaakerberg06-200x300.jpg 200w, http:\/\/sundalsryr.se\/wp-content\/uploads\/2021\/10\/lindaakerberg06-768x1152.jpg 768w, http:\/\/sundalsryr.se\/wp-content\/uploads\/2021\/10\/lindaakerberg06-682x1024.jpg 682w\" sizes=\"(max-width: 690px) 100vw, 690px\" \/><\/a><\/p>\n<p>Det blev en riktigt lyckad kv\u00e4ll n\u00e4r \u00e4ventyraren Linda \u00c5kerblad g\u00e4stade oss och ber\u00e4ttade om sina vandringar och sitt liv. Hon kommer ursprungligen fr\u00e5n Karlstad, men bor numera i Stockholm, n\u00e4r hon inte \u00e4r ute och vandrar, bestiger berg eller k\u00f6r hundspann.<\/p>\n<p>Linda ber\u00e4ttade att hon fr\u00e5n b\u00f6rjan ville bli fotograf och hennes h\u00f6gsta \u00f6nskan var att bli musikfotograf. Hon jobbade h\u00e5rt, k\u00e4mpade och str\u00e4vade tills hon n\u00e5dde sitt m\u00e5l och faktiskt levde sin dr\u00f6m och f\u00f6rs\u00f6rjde sig p\u00e5 att fotografera stora rockkonserter och ber\u00f6mda artister. Trots det var hon inte lycklig och diagnostiserades med \u00e5terkommande depressioner.<\/p>\n<p>En dag satt hon tr\u00f6tt och nedst\u00e4md i sin lilla l\u00e4genhet och scrollade fl\u00f6det p\u00e5 facebook. Ointresserat bl\u00e4ddrade hon f\u00f6rbi bild efter bild, tills hon pl\u00f6tsligt fick se n\u00e5got som kom att f\u00f6r\u00e4ndra hennes liv.\u00a0 En reklamtrailer f\u00f6r filmen \u201dWild\u201d. Hon s\u00e5g den g\u00e5ng p\u00e5 g\u00e5ng och blev helt fascinerad av den. Filmen \u00e4r en sj\u00e4lvbiografi och handlar om en tjej som lever ett destruktivt liv, men som ensam ger sig ut p\u00e5 en flera veckor l\u00e5ng vandring p\u00e5 den 428 mil l\u00e5nga leden Pacific Crest Trail.<\/p>\n<p>Linda som vid den h\u00e4r tiden j\u00e4mst\u00e4llde uteliv med krogliv och tyckte att skogen var alldeles f\u00f6r mossig f\u00f6r en rockfotograf, best\u00e4mde sig \u00e4nd\u00e5 f\u00f6r att utmana sig sj\u00e4lv och prova. F\u00f6rsta turen hon gjorde var en kort vandring \u00f6ver midsommarhelgen tillsammans med sin mamma. Hon m\u00e4rkte att det passade hennes rastl\u00f6sa sj\u00e4l och sedan dess har det blivit m\u00e5nga och l\u00e5nga vandringar. Hon har bestigit Kilimanjaro, Afrikas h\u00f6gsta berg fyra g\u00e5nger. Vandrat i Nepal, gjort den l\u00e5nga vandringen i USA fr\u00e5n Mexico till Canada mm. 2019 tog hon sig fr\u00e5n Smygehuk till Treriksr\u00f6set, genom Sveriges alla 25 landskap genom att cykla, vandra och paddla. En stor utmaning p\u00e5 denna resa var att paddla kajak till Gotland, 14 timmar tog det och d\u00e5 var v\u00e4dret \u00e4nd\u00e5 det b\u00e4sta t\u00e4nkbara.<\/p>\n<p><a href=\"http:\/\/sundalsryr.se\/wp-content\/uploads\/2021\/10\/lindaakerberg02.jpg\"><img loading=\"lazy\" decoding=\"async\" class=\"aligncenter  wp-image-5186\" src=\"http:\/\/sundalsryr.se\/wp-content\/uploads\/2021\/10\/lindaakerberg02.jpg\" alt=\"\" width=\"677\" height=\"1016\" srcset=\"http:\/\/sundalsryr.se\/wp-content\/uploads\/2021\/10\/lindaakerberg02.jpg 1333w, http:\/\/sundalsryr.se\/wp-content\/uploads\/2021\/10\/lindaakerberg02-200x300.jpg 200w, http:\/\/sundalsryr.se\/wp-content\/uploads\/2021\/10\/lindaakerberg02-768x1152.jpg 768w, http:\/\/sundalsryr.se\/wp-content\/uploads\/2021\/10\/lindaakerberg02-682x1024.jpg 682w\" sizes=\"(max-width: 677px) 100vw, 677px\" \/><\/a><\/p>\n<p>Linda menar att det f\u00f6rsta steget \u00e4r det jobbigaste, n\u00e4r man v\u00e4l tagit det och best\u00e4mt sig s\u00e5 \u00e4r det inte s\u00e5 farligt om man inte lyckas, att misslyckas \u00e4r ett s\u00e4tt att utvecklas och att utvecklas \u00e4r ett steg fram\u00e5t.<\/p>\n<p>Just nu utbildar hon sig till fj\u00e4lledare. Hon \u00e4r lycklig och lever det liv hon vill genom sina \u00e4ventyr, f\u00f6rel\u00e4sningar och genom att guida grupper genom olika utmaningar. Man kan l\u00e4sa mer om Linda och hennes \u00e4ventyr p\u00e5 <a href=\"https:\/\/wilderness-stories.com\/\">https:\/\/wilderness-stories.com\/<\/a> D\u00e4r f\u00e5r man ocks\u00e5 mycket inspiration till att sj\u00e4lv ge sig ut p\u00e5 sm\u00e5 eller stora \u00e4ventyr.<\/p>\n<p><a href=\"http:\/\/sundalsryr.se\/wp-content\/uploads\/2021\/10\/lindaakerberg04-1.jpg\"><img loading=\"lazy\" decoding=\"async\" class=\"aligncenter  wp-image-5187\" src=\"http:\/\/sundalsryr.se\/wp-content\/uploads\/2021\/10\/lindaakerberg04-1.jpg\" alt=\"\" width=\"608\" height=\"405\" srcset=\"http:\/\/sundalsryr.se\/wp-content\/uploads\/2021\/10\/lindaakerberg04-1.jpg 2000w, http:\/\/sundalsryr.se\/wp-content\/uploads\/2021\/10\/lindaakerberg04-1-300x200.jpg 300w, http:\/\/sundalsryr.se\/wp-content\/uploads\/2021\/10\/lindaakerberg04-1-768x512.jpg 768w, http:\/\/sundalsryr.se\/wp-content\/uploads\/2021\/10\/lindaakerberg04-1-1024x683.jpg 1024w\" sizes=\"(max-width: 608px) 100vw, 608px\" \/><\/a><\/p>\n<p>Kv\u00e4llen var ett samarbete mellan byalaget och SK Granan, en ok\u00e4nd sponsor valde att sponsra f\u00f6rel\u00e4sningen med hela 5000 kr och dessutom bidrog SISU (idrottsr\u00f6relsens utbildningsf\u00f6rbund) med pengar f\u00f6r att vi skulle kunna genomf\u00f6ra den. Vi vill rikta ett innerligt varmt tack f\u00f6r dessa g\u00e5vor !<\/p>\n<p>&nbsp;<\/p>\n<p>\/Susanne Borss\u00e9n<\/p>\n<p>&nbsp;<\/p>\n<p>.<\/p>\n","protected":false},"excerpt":{"rendered":"<p>Det blev en riktigt lyckad kv\u00e4ll n\u00e4r \u00e4ventyraren Linda \u00c5kerblad g\u00e4stade oss och ber\u00e4ttade om sina vandringar och sitt liv. Hon kommer ursprungligen fr\u00e5n Karlstad, men bor numera i Stockholm, n\u00e4r hon inte \u00e4r ute och vandrar, bestiger berg eller k\u00f6r hundspann. Linda ber\u00e4ttade att hon fr\u00e5n b\u00f6rjan ville bli fotograf och hennes h\u00f6gsta \u00f6nskan&#8230;<\/p>\n","protected":false},"author":3,"featured_media":0,"comment_status":"open","ping_status":"open","sticky":false,"template":"","format":"standard","meta":{"_monsterinsights_skip_tracking":false,"_monsterinsights_sitenote_active":false,"_monsterinsights_sitenote_note":"","_monsterinsights_sitenote_category":0,"footnotes":""},"categories":[1],"tags":[],"class_list":["post-5184","post","type-post","status-publish","format-standard","hentry","category-aktuellt"],"_links":{"self":[{"href":"http:\/\/sundalsryr.se\/index.php?rest_route=\/wp\/v2\/posts\/5184"}],"collection":[{"href":"http:\/\/sundalsryr.se\/index.php?rest_route=\/wp\/v2\/posts"}],"about":[{"href":"http:\/\/sundalsryr.se\/index.php?rest_route=\/wp\/v2\/types\/post"}],"author":[{"embeddable":true,"href":"http:\/\/sundalsryr.se\/index.php?rest_route=\/wp\/v2\/users\/3"}],"replies":[{"embeddable":true,"href":"http:\/\/sundalsryr.se\/index.php?rest_route=%2Fwp%2Fv2%2Fcomments&post=5184"}],"version-history":[{"count":1,"href":"http:\/\/sundalsryr.se\/index.php?rest_route=\/wp\/v2\/posts\/5184\/revisions"}],"predecessor-version":[{"id":5188,"href":"http:\/\/sundalsryr.se\/index.php?rest_route=\/wp\/v2\/posts\/5184\/revisions\/5188"}],"wp:attachment":[{"href":"http:\/\/sundalsryr.se\/index.php?rest_route=%2Fwp%2Fv2%2Fmedia&parent=5184"}],"wp:term":[{"taxonomy":"category","embeddable":true,"href":"http:\/\/sundalsryr.se\/index.php?rest_route=%2Fwp%2Fv2%2Fcategories&post=5184"},{"taxonomy":"post_tag","embeddable":true,"href":"http:\/\/sundalsryr.se\/index.php?rest_route=%2Fwp%2Fv2%2Ftags&post=5184"}],"curies":[{"name":"wp","href":"https:\/\/api.w.org\/{rel}","templated":true}]}}