{"id":5195,"date":"2021-11-11T09:40:13","date_gmt":"2021-11-11T09:40:13","guid":{"rendered":"http:\/\/sundalsryr.se\/?p=5195"},"modified":"2021-11-11T09:40:13","modified_gmt":"2021-11-11T09:40:13","slug":"bygdedagen","status":"publish","type":"post","link":"http:\/\/sundalsryr.se\/?p=5195","title":{"rendered":"Bygdedagen"},"content":{"rendered":"<p><a href=\"http:\/\/sundalsryr.se\/wp-content\/uploads\/2021\/11\/SvenskFika-FruganMostPhotos-Toppbild1920x1080.jpg\"><img loading=\"lazy\" decoding=\"async\" class=\"aligncenter size-medium wp-image-5197\" src=\"http:\/\/sundalsryr.se\/wp-content\/uploads\/2021\/11\/SvenskFika-FruganMostPhotos-Toppbild1920x1080-300x169.jpg\" alt=\"\" width=\"300\" height=\"169\" srcset=\"http:\/\/sundalsryr.se\/wp-content\/uploads\/2021\/11\/SvenskFika-FruganMostPhotos-Toppbild1920x1080-300x169.jpg 300w, http:\/\/sundalsryr.se\/wp-content\/uploads\/2021\/11\/SvenskFika-FruganMostPhotos-Toppbild1920x1080-768x432.jpg 768w, http:\/\/sundalsryr.se\/wp-content\/uploads\/2021\/11\/SvenskFika-FruganMostPhotos-Toppbild1920x1080-1024x576.jpg 1024w, http:\/\/sundalsryr.se\/wp-content\/uploads\/2021\/11\/SvenskFika-FruganMostPhotos-Toppbild1920x1080.jpg 1920w\" sizes=\"(max-width: 300px) 100vw, 300px\" \/><\/a><\/p>\n<p>P\u00e5 l\u00f6rdag den 13 november ska vi fira att f\u00f6rsamlingshemmet f\u00e5tt nya \u00e4gare, men att det \u00e4nd\u00e5 blir kvar som en m\u00f6tesplats f\u00f6r hela bygden. Fr\u00e5n och med nu kommer den heta <strong>Sundals g\u00e5rden. <\/strong><\/p>\n<p><strong>Mellan kl 11-13 \u00e4r alla v\u00e4lkomna p\u00e5 kaffekalas<\/strong>. Det blir hembakt, trevlig samvaro och underh\u00e5llning av Stefan och Triolerna. Du som kan t\u00e4nka dig att baka n\u00e5got till kalaset f\u00e5r g\u00e4rna g\u00f6ra det, vi finns p\u00e5 plats fr\u00e5n halv 10. Du kan ocks\u00e5 h\u00f6ra av dig till Susanne 076-8533576 s\u00e5 h\u00e4mtar vi det du bakat.<\/p>\n<p>&nbsp;<\/p>\n<p><a href=\"http:\/\/sundalsryr.se\/wp-content\/uploads\/2021\/11\/ef0a6b8d-cc95-448e-9f52-1aa5fa3594de.jpg\"><img loading=\"lazy\" decoding=\"async\" class=\"aligncenter size-medium wp-image-5200\" src=\"http:\/\/sundalsryr.se\/wp-content\/uploads\/2021\/11\/ef0a6b8d-cc95-448e-9f52-1aa5fa3594de-300x169.jpg\" alt=\"\" width=\"300\" height=\"169\" srcset=\"http:\/\/sundalsryr.se\/wp-content\/uploads\/2021\/11\/ef0a6b8d-cc95-448e-9f52-1aa5fa3594de-300x169.jpg 300w, http:\/\/sundalsryr.se\/wp-content\/uploads\/2021\/11\/ef0a6b8d-cc95-448e-9f52-1aa5fa3594de-768x432.jpg 768w, http:\/\/sundalsryr.se\/wp-content\/uploads\/2021\/11\/ef0a6b8d-cc95-448e-9f52-1aa5fa3594de.jpg 995w\" sizes=\"(max-width: 300px) 100vw, 300px\" \/><\/a><\/p>\n<p><strong>P\u00e5 kv\u00e4llen, med b\u00f6rjan kl 18, \u00e4r det pubkv\u00e4ll<\/strong>. Dalslands Foodtruck st\u00e5r f\u00f6r maten, dryck tar var och en med till sig. Det blir underh\u00e5llning av trubadurerna Filip &amp; Maritin. Intr\u00e4de kostar 300 kr\/ person, maten ing\u00e5r i priset. \u00a0Det \u00e4r m\u00e5nga anm\u00e4lda (i nul\u00e4get ca 80 st) men det finns fortfarande m\u00f6jlighet f\u00f6r n\u00e5gra till att vara med. H\u00f6r i s\u00e5 fall av dig till Thomas Darberg \u00a0073-4244493.<\/p>\n<p>&nbsp;<\/p>\n<p>&nbsp;<\/p>\n<p style=\"text-align: center;\"><strong>Byalaget och de nya \u00e4garna<\/strong><\/p>\n<p style=\"text-align: center;\"><strong>ordnar tillsammans denna bygdedag<\/strong><\/p>\n<p style=\"text-align: center;\"><strong>och vill g\u00e4rna att just du kommer !<\/strong><a href=\"http:\/\/sundalsryr.se\/wp-content\/uploads\/2021\/11\/vaggdekor_vaggis_hjarta.jpg\"><img loading=\"lazy\" decoding=\"async\" class=\"aligncenter size-medium wp-image-5196\" src=\"http:\/\/sundalsryr.se\/wp-content\/uploads\/2021\/11\/vaggdekor_vaggis_hjarta-300x300.jpg\" alt=\"\" width=\"300\" height=\"300\" srcset=\"http:\/\/sundalsryr.se\/wp-content\/uploads\/2021\/11\/vaggdekor_vaggis_hjarta-300x300.jpg 300w, http:\/\/sundalsryr.se\/wp-content\/uploads\/2021\/11\/vaggdekor_vaggis_hjarta-150x150.jpg 150w, http:\/\/sundalsryr.se\/wp-content\/uploads\/2021\/11\/vaggdekor_vaggis_hjarta.jpg 575w\" sizes=\"(max-width: 300px) 100vw, 300px\" \/><\/a><\/p>\n<p>&nbsp;<\/p>\n<p>&nbsp;<\/p>\n","protected":false},"excerpt":{"rendered":"<p>P\u00e5 l\u00f6rdag den 13 november ska vi fira att f\u00f6rsamlingshemmet f\u00e5tt nya \u00e4gare, men att det \u00e4nd\u00e5 blir kvar som en m\u00f6tesplats f\u00f6r hela bygden. Fr\u00e5n och med nu kommer den heta Sundals g\u00e5rden. Mellan kl 11-13 \u00e4r alla v\u00e4lkomna p\u00e5 kaffekalas. Det blir hembakt, trevlig samvaro och underh\u00e5llning av Stefan och Triolerna. Du som&#8230;<\/p>\n","protected":false},"author":3,"featured_media":0,"comment_status":"open","ping_status":"open","sticky":false,"template":"","format":"standard","meta":{"_monsterinsights_skip_tracking":false,"_monsterinsights_sitenote_active":false,"_monsterinsights_sitenote_note":"","_monsterinsights_sitenote_category":0,"footnotes":""},"categories":[1],"tags":[],"class_list":["post-5195","post","type-post","status-publish","format-standard","hentry","category-aktuellt"],"_links":{"self":[{"href":"http:\/\/sundalsryr.se\/index.php?rest_route=\/wp\/v2\/posts\/5195"}],"collection":[{"href":"http:\/\/sundalsryr.se\/index.php?rest_route=\/wp\/v2\/posts"}],"about":[{"href":"http:\/\/sundalsryr.se\/index.php?rest_route=\/wp\/v2\/types\/post"}],"author":[{"embeddable":true,"href":"http:\/\/sundalsryr.se\/index.php?rest_route=\/wp\/v2\/users\/3"}],"replies":[{"embeddable":true,"href":"http:\/\/sundalsryr.se\/index.php?rest_route=%2Fwp%2Fv2%2Fcomments&post=5195"}],"version-history":[{"count":2,"href":"http:\/\/sundalsryr.se\/index.php?rest_route=\/wp\/v2\/posts\/5195\/revisions"}],"predecessor-version":[{"id":5201,"href":"http:\/\/sundalsryr.se\/index.php?rest_route=\/wp\/v2\/posts\/5195\/revisions\/5201"}],"wp:attachment":[{"href":"http:\/\/sundalsryr.se\/index.php?rest_route=%2Fwp%2Fv2%2Fmedia&parent=5195"}],"wp:term":[{"taxonomy":"category","embeddable":true,"href":"http:\/\/sundalsryr.se\/index.php?rest_route=%2Fwp%2Fv2%2Fcategories&post=5195"},{"taxonomy":"post_tag","embeddable":true,"href":"http:\/\/sundalsryr.se\/index.php?rest_route=%2Fwp%2Fv2%2Ftags&post=5195"}],"curies":[{"name":"wp","href":"https:\/\/api.w.org\/{rel}","templated":true}]}}