{"id":5204,"date":"2021-11-15T19:41:27","date_gmt":"2021-11-15T19:41:27","guid":{"rendered":"http:\/\/sundalsryr.se\/?p=5204"},"modified":"2021-11-15T19:43:43","modified_gmt":"2021-11-15T19:43:43","slug":"vilken-dag-det-blev","status":"publish","type":"post","link":"http:\/\/sundalsryr.se\/?p=5204","title":{"rendered":"Vilken dag det blev !"},"content":{"rendered":"<p>Bygdedagen blev en riktig succ\u00e9, det tror jag alla h\u00e5ller med om. Under hela dagen h\u00f6rde vi inget annat \u00e4n lovord \u00f6ver arrangemangen och de nya \u00e4garna till Sundalsg\u00e5rden fick m\u00e5nga gratulationer och uppmuntrande lyck\u00f6nskningar.<\/p>\n<p>&nbsp;<\/p>\n<p><a href=\"http:\/\/sundalsryr.se\/wp-content\/uploads\/2021\/11\/DSC_0640.jpg\"><img loading=\"lazy\" decoding=\"async\" class=\"aligncenter wp-image-5205\" src=\"http:\/\/sundalsryr.se\/wp-content\/uploads\/2021\/11\/DSC_0640-1024x768.jpg\" alt=\"\" width=\"599\" height=\"450\" srcset=\"http:\/\/sundalsryr.se\/wp-content\/uploads\/2021\/11\/DSC_0640-1024x768.jpg 1024w, http:\/\/sundalsryr.se\/wp-content\/uploads\/2021\/11\/DSC_0640-300x225.jpg 300w, http:\/\/sundalsryr.se\/wp-content\/uploads\/2021\/11\/DSC_0640-768x576.jpg 768w\" sizes=\"(max-width: 599px) 100vw, 599px\" \/><\/a><\/p>\n<p>Redan p\u00e5 morgonen var aktiviteterna i g\u00e5ng. Stefan och triolerna var p\u00e5 plats tidigt och repeterade p\u00e5 den nya scenen, som iordningst\u00e4llts f\u00f6r dagen. Strax d\u00e4refter var det full fart med kaffekokning och dukning. Under f\u00f6rmiddagen str\u00f6mmade det in kakor och bakverk som ni fantastiska m\u00e4nniskor sk\u00e4nkte, f\u00f6r att g\u00f6ra det stora kaffekalaset m\u00f6jligt. S\u00e5 mycket godsaker, ett innerligt tack till er alla !<\/p>\n<p><a href=\"http:\/\/sundalsryr.se\/wp-content\/uploads\/2021\/11\/DSC_0631.jpg\"><img loading=\"lazy\" decoding=\"async\" class=\"aligncenter wp-image-5206\" src=\"http:\/\/sundalsryr.se\/wp-content\/uploads\/2021\/11\/DSC_0631-1024x768.jpg\" alt=\"\" width=\"601\" height=\"451\" srcset=\"http:\/\/sundalsryr.se\/wp-content\/uploads\/2021\/11\/DSC_0631-1024x768.jpg 1024w, http:\/\/sundalsryr.se\/wp-content\/uploads\/2021\/11\/DSC_0631-300x225.jpg 300w, http:\/\/sundalsryr.se\/wp-content\/uploads\/2021\/11\/DSC_0631-768x576.jpg 768w\" sizes=\"(max-width: 601px) 100vw, 601px\" \/><\/a><\/p>\n<p>Vi f\u00f6rs\u00f6kte verkligen h\u00e5lla r\u00e4kningen p\u00e5 hur m\u00e5nga som kom och fikade, umgicks och lyssnade p\u00e5 underh\u00e5llningen, men det var inte l\u00e4tt. Vi tror att vi var ungef\u00e4r 85 personer, men st\u00e4mningen var p\u00e5 topp och lokalen surrade av prat och h\u00e4rlig musik, s\u00e5 vi kan ha missat att r\u00e4kna n\u00e5gon.<\/p>\n<p><a href=\"http:\/\/sundalsryr.se\/wp-content\/uploads\/2021\/11\/DSC_0636.jpg\"><img loading=\"lazy\" decoding=\"async\" class=\"alignright wp-image-5207\" src=\"http:\/\/sundalsryr.se\/wp-content\/uploads\/2021\/11\/DSC_0636-1024x768.jpg\" alt=\"\" width=\"273\" height=\"364\" \/><\/a><\/p>\n<p>&nbsp;<\/p>\n<p>&nbsp;<\/p>\n<p>&nbsp;<\/p>\n<p>&nbsp;<\/p>\n<p>Det blev en hel del goda bakverk \u00f6ver. Dessa ligger nu i frysen och kommer i framtiden f\u00f6rgylla en torsdagslunch eller n\u00e5gon annan av byalagets aktiviteter. \u00c4nnu en g\u00e5ng, tack till alla er som st\u00e4llde upp och bakade.<\/p>\n<p>Eftermiddagen \u00e4gnades \u00e5t disk, st\u00e4dning och byte av musiker p\u00e5 scenen. N\u00e4r m\u00f6rkret f\u00f6ll t\u00e4ndes eldar och marschaller och Dalslands Foodtruck kom och spred en h\u00e4rlig doft av mat.<\/p>\n<p>&nbsp;<\/p>\n<p>&nbsp;<\/p>\n<p><a href=\"http:\/\/sundalsryr.se\/wp-content\/uploads\/2021\/11\/3543551051085735183.jpg\"><img loading=\"lazy\" decoding=\"async\" class=\"aligncenter wp-image-5208\" src=\"http:\/\/sundalsryr.se\/wp-content\/uploads\/2021\/11\/3543551051085735183-1024x579.jpg\" alt=\"\" width=\"604\" height=\"341\" srcset=\"http:\/\/sundalsryr.se\/wp-content\/uploads\/2021\/11\/3543551051085735183-1024x579.jpg 1024w, http:\/\/sundalsryr.se\/wp-content\/uploads\/2021\/11\/3543551051085735183-300x170.jpg 300w, http:\/\/sundalsryr.se\/wp-content\/uploads\/2021\/11\/3543551051085735183-768x434.jpg 768w, http:\/\/sundalsryr.se\/wp-content\/uploads\/2021\/11\/3543551051085735183.jpg 1275w\" sizes=\"(max-width: 604px) 100vw, 604px\" \/><\/a><\/p>\n<p>Kv\u00e4llen blev historisk. Mysig milj\u00f6, god mat och dryck, trevligt s\u00e4llskap med massor av glada m\u00e4nniskor, vad mer kan man \u00f6nska. Trubadurerna Filip och Martin spelade s\u00e5 svetten lackade b\u00e5de p\u00e5 dem sj\u00e4lva och p\u00e5 alla danssugna. F\u00f6r f\u00f6rsta g\u00e5ngen sk\u00e5lades det i f\u00f6rsamlingshemmet, eller Sundalsg\u00e5rden som den heter nu.<\/p>\n<p><a href=\"http:\/\/sundalsryr.se\/wp-content\/uploads\/2021\/11\/DSC_0651.jpg\"><img loading=\"lazy\" decoding=\"async\" class=\"aligncenter wp-image-5209\" src=\"http:\/\/sundalsryr.se\/wp-content\/uploads\/2021\/11\/DSC_0651-1024x768.jpg\" alt=\"\" width=\"499\" height=\"666\" \/><\/a><\/p>\n<p>M\u00e5nga testade kul-spelet. De tio spelkulorna rullades g\u00e5ng p\u00e5 g\u00e5ng \u00f6ver skivan innan man till slut kunde utse en vinnare. Fusk eller skicklighet, men b\u00e4ste man lyckades f\u00e5 ihop 44 po\u00e4ng h\u00e4vdade han&#8230;<\/p>\n<p><a href=\"http:\/\/sundalsryr.se\/wp-content\/uploads\/2021\/11\/DSC_0652.jpg\"><img loading=\"lazy\" decoding=\"async\" class=\"aligncenter wp-image-5210\" src=\"http:\/\/sundalsryr.se\/wp-content\/uploads\/2021\/11\/DSC_0652-1024x768.jpg\" alt=\"\" width=\"501\" height=\"668\" \/><\/a><\/p>\n<p>Det var extra roligt att det var s\u00e5 blandade \u00e5ldrar, b\u00e5de yngre och \u00e4ldre verkade ha v\u00e4ldigt roligt och sj\u00f6ng med i alls\u00e5ngsrefr\u00e4ngen \u00a0\u00a0<em>\u201d Ja, nu \u00e4r det dags f\u00f6r nya tider ja nu \u00e4r det dags f\u00f6r n\u00e5got nytt. Nu ska alla riktigt trivas f\u00f6r det gamla det har flytt. S\u00e5 jag h\u00f6jer glaset mitt och stora leenden jag ser. Ja, nu \u00e4r det slut p\u00e5 gamla tider nu \u00e4r vi m\u00e5nga, m\u00e5nga fler\u201d<\/em>\u00a0 \u00a0Och visst var vi m\u00e5nga fler \u00e4n det varit i f\u00f6rsamlingshemmet p\u00e5 l\u00e4nge. \u00a0Foodtrucken serverade 87 hamburgare och vi var 85 som var med p\u00e5 festen. Ett par som passerade p\u00e5 v\u00e4gen stannade och k\u00f6pte med sig f\u00e4rdigmat. Hur ofta h\u00e4nder det att man kan g\u00f6ra det i Sundals ryr ?<\/p>\n<p><a href=\"http:\/\/sundalsryr.se\/wp-content\/uploads\/2021\/11\/3979553373012299279.jpg\"><img loading=\"lazy\" decoding=\"async\" class=\"aligncenter wp-image-5211\" src=\"http:\/\/sundalsryr.se\/wp-content\/uploads\/2021\/11\/3979553373012299279-1024x768.jpg\" alt=\"\" width=\"601\" height=\"451\" srcset=\"http:\/\/sundalsryr.se\/wp-content\/uploads\/2021\/11\/3979553373012299279-1024x768.jpg 1024w, http:\/\/sundalsryr.se\/wp-content\/uploads\/2021\/11\/3979553373012299279-300x225.jpg 300w, http:\/\/sundalsryr.se\/wp-content\/uploads\/2021\/11\/3979553373012299279-768x576.jpg 768w, http:\/\/sundalsryr.se\/wp-content\/uploads\/2021\/11\/3979553373012299279.jpg 1600w\" sizes=\"(max-width: 601px) 100vw, 601px\" \/><\/a><\/p>\n<p>&nbsp;<\/p>\n<p>Under kv\u00e4llen var det \u00e5tskilliga som sa att det g\u00e4rna ville ha fler kv\u00e4llar som denna och det hoppas vi s\u00e5klart kunna ordna i framtiden. Just denna speciella invigningskv\u00e4ll var ett samarbete mellan byalaget och Sundalsg\u00e5rdens nya \u00e4gare, men vi skapade bara f\u00f6ruts\u00e4ttningarna, det var alla ni fantastiska m\u00e4nniskor som var med, som gjorde festen till vad den blev.<\/p>\n<p>&nbsp;<\/p>\n<p>\/Susanne Borss\u00e9n<\/p>\n<p>&nbsp;<\/p>\n","protected":false},"excerpt":{"rendered":"<p>Bygdedagen blev en riktig succ\u00e9, det tror jag alla h\u00e5ller med om. Under hela dagen h\u00f6rde vi inget annat \u00e4n lovord \u00f6ver arrangemangen och de nya \u00e4garna till Sundalsg\u00e5rden fick m\u00e5nga gratulationer och uppmuntrande lyck\u00f6nskningar. &nbsp; Redan p\u00e5 morgonen var aktiviteterna i g\u00e5ng. Stefan och triolerna var p\u00e5 plats tidigt och repeterade p\u00e5 den nya&#8230;<\/p>\n","protected":false},"author":3,"featured_media":0,"comment_status":"open","ping_status":"open","sticky":false,"template":"","format":"standard","meta":{"_monsterinsights_skip_tracking":false,"_monsterinsights_sitenote_active":false,"_monsterinsights_sitenote_note":"","_monsterinsights_sitenote_category":0,"footnotes":""},"categories":[1],"tags":[],"class_list":["post-5204","post","type-post","status-publish","format-standard","hentry","category-aktuellt"],"_links":{"self":[{"href":"http:\/\/sundalsryr.se\/index.php?rest_route=\/wp\/v2\/posts\/5204"}],"collection":[{"href":"http:\/\/sundalsryr.se\/index.php?rest_route=\/wp\/v2\/posts"}],"about":[{"href":"http:\/\/sundalsryr.se\/index.php?rest_route=\/wp\/v2\/types\/post"}],"author":[{"embeddable":true,"href":"http:\/\/sundalsryr.se\/index.php?rest_route=\/wp\/v2\/users\/3"}],"replies":[{"embeddable":true,"href":"http:\/\/sundalsryr.se\/index.php?rest_route=%2Fwp%2Fv2%2Fcomments&post=5204"}],"version-history":[{"count":4,"href":"http:\/\/sundalsryr.se\/index.php?rest_route=\/wp\/v2\/posts\/5204\/revisions"}],"predecessor-version":[{"id":5215,"href":"http:\/\/sundalsryr.se\/index.php?rest_route=\/wp\/v2\/posts\/5204\/revisions\/5215"}],"wp:attachment":[{"href":"http:\/\/sundalsryr.se\/index.php?rest_route=%2Fwp%2Fv2%2Fmedia&parent=5204"}],"wp:term":[{"taxonomy":"category","embeddable":true,"href":"http:\/\/sundalsryr.se\/index.php?rest_route=%2Fwp%2Fv2%2Fcategories&post=5204"},{"taxonomy":"post_tag","embeddable":true,"href":"http:\/\/sundalsryr.se\/index.php?rest_route=%2Fwp%2Fv2%2Ftags&post=5204"}],"curies":[{"name":"wp","href":"https:\/\/api.w.org\/{rel}","templated":true}]}}