{"id":5222,"date":"2021-11-26T16:36:28","date_gmt":"2021-11-26T16:36:28","guid":{"rendered":"http:\/\/sundalsryr.se\/?p=5222"},"modified":"2021-11-26T16:36:28","modified_gmt":"2021-11-26T16:36:28","slug":"jullunch-3","status":"publish","type":"post","link":"http:\/\/sundalsryr.se\/?p=5222","title":{"rendered":"Jullunch"},"content":{"rendered":"<p>Det har blivit lite av en tradition att vi till novemberlunchen bjuder p\u00e5 julbuff\u00e9, s\u00e5 \u00e4ven denna g\u00e5ng. Och visst blev det en riktig dunderavslutning p\u00e5 h\u00f6sts\u00e4songen. \u00a0I september och oktober har vi haft mellan 30-40 matg\u00e4ster, men denna g\u00e5ng var vi inte mindre \u00e4n 60 personer som \u00e5t tillsammans.<\/p>\n<p>Som vanligt f\u00f6rs\u00f6ker vi anv\u00e4nda svenska r\u00e5varor, helst lokala, s\u00e5 l\u00e5ngt det \u00e4r m\u00f6jligt. Skinkan, k\u00f6ttbullarna och prinskorven inneh\u00e5ller s\u00e5klart bara svenskt k\u00f6tt. Det r\u00f6kta r\u00e5djursk\u00f6ttet kom till exempel fr\u00e5n Kroppefj\u00e4ll och var r\u00f6kt av \u201dRoger i Klypan\u201d. Att hitta lax och sill fr\u00e5n Bollungen gick vi dock bet p\u00e5\u2026<\/p>\n<p>Till kaffet serverade vi kakor som blivit \u00f6ver sedan bygdefesten. Det var verkligen sk\u00f6nt att bara kunna v\u00e4lja n\u00e5got ur frysen, n\u00e4r vi hade fullt upp med att f\u00f6rbereda buff\u00e9maten.<\/p>\n<p>Nu tar vi ett litet decemberuppeh\u00e5ll och ses igen sista torsdagen i januari. Till dess \u00f6nskar vi er en riktigt fin jul och ett gott nytt \u00e5r fr\u00e5n Marianne och Susanne i matlagarteamet.<\/p>\n<p><a href=\"http:\/\/sundalsryr.se\/wp-content\/uploads\/2021\/11\/DSC_0673.jpg\"><img loading=\"lazy\" decoding=\"async\" class=\"aligncenter  wp-image-5223\" src=\"http:\/\/sundalsryr.se\/wp-content\/uploads\/2021\/11\/DSC_0673-1024x768.jpg\" alt=\"\" width=\"699\" height=\"932\" \/><\/a><\/p>\n","protected":false},"excerpt":{"rendered":"<p>Det har blivit lite av en tradition att vi till novemberlunchen bjuder p\u00e5 julbuff\u00e9, s\u00e5 \u00e4ven denna g\u00e5ng. Och visst blev det en riktig dunderavslutning p\u00e5 h\u00f6sts\u00e4songen. \u00a0I september och oktober har vi haft mellan 30-40 matg\u00e4ster, men denna g\u00e5ng var vi inte mindre \u00e4n 60 personer som \u00e5t tillsammans. Som vanligt f\u00f6rs\u00f6ker vi anv\u00e4nda&#8230;<\/p>\n","protected":false},"author":3,"featured_media":0,"comment_status":"open","ping_status":"open","sticky":false,"template":"","format":"standard","meta":{"_monsterinsights_skip_tracking":false,"_monsterinsights_sitenote_active":false,"_monsterinsights_sitenote_note":"","_monsterinsights_sitenote_category":0,"footnotes":""},"categories":[1],"tags":[],"class_list":["post-5222","post","type-post","status-publish","format-standard","hentry","category-aktuellt"],"_links":{"self":[{"href":"http:\/\/sundalsryr.se\/index.php?rest_route=\/wp\/v2\/posts\/5222"}],"collection":[{"href":"http:\/\/sundalsryr.se\/index.php?rest_route=\/wp\/v2\/posts"}],"about":[{"href":"http:\/\/sundalsryr.se\/index.php?rest_route=\/wp\/v2\/types\/post"}],"author":[{"embeddable":true,"href":"http:\/\/sundalsryr.se\/index.php?rest_route=\/wp\/v2\/users\/3"}],"replies":[{"embeddable":true,"href":"http:\/\/sundalsryr.se\/index.php?rest_route=%2Fwp%2Fv2%2Fcomments&post=5222"}],"version-history":[{"count":1,"href":"http:\/\/sundalsryr.se\/index.php?rest_route=\/wp\/v2\/posts\/5222\/revisions"}],"predecessor-version":[{"id":5224,"href":"http:\/\/sundalsryr.se\/index.php?rest_route=\/wp\/v2\/posts\/5222\/revisions\/5224"}],"wp:attachment":[{"href":"http:\/\/sundalsryr.se\/index.php?rest_route=%2Fwp%2Fv2%2Fmedia&parent=5222"}],"wp:term":[{"taxonomy":"category","embeddable":true,"href":"http:\/\/sundalsryr.se\/index.php?rest_route=%2Fwp%2Fv2%2Fcategories&post=5222"},{"taxonomy":"post_tag","embeddable":true,"href":"http:\/\/sundalsryr.se\/index.php?rest_route=%2Fwp%2Fv2%2Ftags&post=5222"}],"curies":[{"name":"wp","href":"https:\/\/api.w.org\/{rel}","templated":true}]}}