{"id":5235,"date":"2021-12-14T18:10:29","date_gmt":"2021-12-14T18:10:29","guid":{"rendered":"http:\/\/sundalsryr.se\/?p=5235"},"modified":"2021-12-15T08:12:05","modified_gmt":"2021-12-15T08:12:05","slug":"hur-har-det-gatt-med-algen","status":"publish","type":"post","link":"http:\/\/sundalsryr.se\/?p=5235","title":{"rendered":"Hur har det g\u00e5tt med \u00e4lgen?"},"content":{"rendered":"<p><a href=\"http:\/\/sundalsryr.se\/wp-content\/uploads\/2021\/12\/DSC_0679-1.jpg\"><img loading=\"lazy\" decoding=\"async\" class=\"aligncenter wp-image-5236\" src=\"http:\/\/sundalsryr.se\/wp-content\/uploads\/2021\/12\/DSC_0679-1.jpg\" alt=\"\" width=\"619\" height=\"826\" \/><\/a><\/p>\n<p>P\u00e5 f\u00f6rmiddagen s\u00f6ndag den 28e november s\u00e5gs en stor \u00e4lg vandra omkring i cirklar p\u00e5 ett f\u00e4lt p\u00e5 Gunnersbyns marker, inte l\u00e5ngt fr\u00e5n ga kyrkan. Det var m\u00e5nga som s\u00e5g den och flera som s\u00e4kert undrar hur det har g\u00e5tt med den.<\/p>\n<p>\u00c4lgen uppf\u00f6rde sig konstigt och man ringde d\u00e4rf\u00f6r efters\u00f6ksj\u00e4gare. Runt, runt i stora cirklar gick den.\u00a0 S\u00e5 lade sig ner och s\u00e5g ut att ha ont. Den reste sig och fortsatte sin planl\u00f6sa vandring i \u00f6ppen terr\u00e4ng, mitt p\u00e5 dagen, vilket m\u00e5ste anses som ovanligt. Varf\u00f6r gick den inte in i skogen? F\u00f6rutom sitt underliga beteende s\u00e5g den ut att vara i god kondition och den var inte halt eller skadad. Det var en stor \u201dkapital\u201d \u00e4lgtjur som tappat hornen f\u00f6r s\u00e4songen, precis som \u00e4lgtjurar g\u00f6r denna tid p\u00e5 \u00e5ret.<\/p>\n<p>Tv\u00e5 efters\u00f6ksj\u00e4gare kom dit f\u00f6r att titta p\u00e5 \u00e4lgen. D\u00e5 kom den pl\u00f6tsligt s\u00e5 n\u00e4ra att man s\u00e5g dess \u00f6gon och de var helt vita! Kanske berodde hans konstiga beteende p\u00e5 att han inte s\u00e5g n\u00e5got. Man besl\u00f6t att skjuta den och f\u00f6rkorta hans lidande.<\/p>\n<p><a href=\"http:\/\/sundalsryr.se\/wp-content\/uploads\/2021\/12\/20211128_110503-1.jpg\"><img loading=\"lazy\" decoding=\"async\" class=\"aligncenter size-medium wp-image-5237\" src=\"http:\/\/sundalsryr.se\/wp-content\/uploads\/2021\/12\/20211128_110503-1-300x225.jpg\" alt=\"\" width=\"300\" height=\"225\" srcset=\"http:\/\/sundalsryr.se\/wp-content\/uploads\/2021\/12\/20211128_110503-1-300x225.jpg 300w, http:\/\/sundalsryr.se\/wp-content\/uploads\/2021\/12\/20211128_110503-1-768x576.jpg 768w, http:\/\/sundalsryr.se\/wp-content\/uploads\/2021\/12\/20211128_110503-1-1024x768.jpg 1024w\" sizes=\"(max-width: 300px) 100vw, 300px\" \/><\/a><\/p>\n<p>Jaktlaget tog hand om \u00e4lgen. Den v\u00e4gde 200 kg slaktad, en rej\u00e4l bj\u00e4sse som var i gott hull och hade mat i magen.\u00a0 Man kunde se att ryggraden var lite sned, men annars hittade man inga fel p\u00e5 den, f\u00f6rutom \u00f6gonen d\u00e5. De var inte var starrgrumligt gr\u00e5, utan varigt gulvita med oj\u00e4mn yta.<\/p>\n<p>P\u00e5 m\u00e5ndagen tog man kontakt med SVA (statens veterin\u00e4rmedicinska anstalt) och de ville g\u00e4rna titta n\u00e4rmare p\u00e5 vad det kunde vara och bad att man skulle skicka in hela huvudet till viltenheten i Uppsala.<\/p>\n<p>Nu har resultatet kommit och s\u00e5h\u00e4r skriver man.\u00a0 \u201dEn 11-\u00e5r gammal tjur med kraftiga hornhinnes\u00e5r, vilka b\u00f6r ha varit sm\u00e4rtsamma och gjort honom n\u00e4stan blind. I b\u00e5da \u00f6ronen s\u00e5gs rikligt med \u00f6ronskabb och t\u00e4nderna var m\u00e5ttligt slitna. Prover har tagits fr\u00e5n \u00f6gonen f\u00f6r bakteriologisk och mikroskopisk unders\u00f6kning. Skallen har provtagits avseende CWD ( chronic wasting disease) Dessa prover visade sig vara negativa\u201d<\/p>\n<p>Exakt vad som har h\u00e4nt med \u00e4lgen och hur han kunde f\u00e5 dessa \u00f6gons\u00e5r kan vi allts\u00e5 inte veta, men att det var r\u00e4tt beslut att l\u00e5ta honom sluta sina dagar r\u00e5der det ingen tvekan om.<\/p>\n<p>&nbsp;<\/p>\n<p>\/Susanne Borss\u00e9n<\/p>\n<p>.<\/p>\n<p>&nbsp;<\/p>\n<p>&nbsp;<\/p>\n","protected":false},"excerpt":{"rendered":"<p>P\u00e5 f\u00f6rmiddagen s\u00f6ndag den 28e november s\u00e5gs en stor \u00e4lg vandra omkring i cirklar p\u00e5 ett f\u00e4lt p\u00e5 Gunnersbyns marker, inte l\u00e5ngt fr\u00e5n ga kyrkan. Det var m\u00e5nga som s\u00e5g den och flera som s\u00e4kert undrar hur det har g\u00e5tt med den. \u00c4lgen uppf\u00f6rde sig konstigt och man ringde d\u00e4rf\u00f6r efters\u00f6ksj\u00e4gare. Runt, runt i stora&#8230;<\/p>\n","protected":false},"author":3,"featured_media":0,"comment_status":"open","ping_status":"open","sticky":false,"template":"","format":"standard","meta":{"_monsterinsights_skip_tracking":false,"_monsterinsights_sitenote_active":false,"_monsterinsights_sitenote_note":"","_monsterinsights_sitenote_category":0,"footnotes":""},"categories":[19],"tags":[],"class_list":["post-5235","post","type-post","status-publish","format-standard","hentry","category-jakt-och-skytte"],"_links":{"self":[{"href":"http:\/\/sundalsryr.se\/index.php?rest_route=\/wp\/v2\/posts\/5235"}],"collection":[{"href":"http:\/\/sundalsryr.se\/index.php?rest_route=\/wp\/v2\/posts"}],"about":[{"href":"http:\/\/sundalsryr.se\/index.php?rest_route=\/wp\/v2\/types\/post"}],"author":[{"embeddable":true,"href":"http:\/\/sundalsryr.se\/index.php?rest_route=\/wp\/v2\/users\/3"}],"replies":[{"embeddable":true,"href":"http:\/\/sundalsryr.se\/index.php?rest_route=%2Fwp%2Fv2%2Fcomments&post=5235"}],"version-history":[{"count":2,"href":"http:\/\/sundalsryr.se\/index.php?rest_route=\/wp\/v2\/posts\/5235\/revisions"}],"predecessor-version":[{"id":5239,"href":"http:\/\/sundalsryr.se\/index.php?rest_route=\/wp\/v2\/posts\/5235\/revisions\/5239"}],"wp:attachment":[{"href":"http:\/\/sundalsryr.se\/index.php?rest_route=%2Fwp%2Fv2%2Fmedia&parent=5235"}],"wp:term":[{"taxonomy":"category","embeddable":true,"href":"http:\/\/sundalsryr.se\/index.php?rest_route=%2Fwp%2Fv2%2Fcategories&post=5235"},{"taxonomy":"post_tag","embeddable":true,"href":"http:\/\/sundalsryr.se\/index.php?rest_route=%2Fwp%2Fv2%2Ftags&post=5235"}],"curies":[{"name":"wp","href":"https:\/\/api.w.org\/{rel}","templated":true}]}}