{"id":5275,"date":"2022-03-04T10:16:11","date_gmt":"2022-03-04T10:16:11","guid":{"rendered":"http:\/\/sundalsryr.se\/?p=5275"},"modified":"2022-03-04T19:10:40","modified_gmt":"2022-03-04T19:10:40","slug":"lyckad-fotokvall","status":"publish","type":"post","link":"http:\/\/sundalsryr.se\/?p=5275","title":{"rendered":"Lyckad fotokv\u00e4ll"},"content":{"rendered":"<p><a href=\"http:\/\/sundalsryr.se\/wp-content\/uploads\/2022\/03\/IMAGE_314849080.jpg\"><img loading=\"lazy\" decoding=\"async\" class=\"aligncenter wp-image-5276\" src=\"http:\/\/sundalsryr.se\/wp-content\/uploads\/2022\/03\/IMAGE_314849080-768x1024.jpg\" alt=\"\" width=\"564\" height=\"752\" srcset=\"http:\/\/sundalsryr.se\/wp-content\/uploads\/2022\/03\/IMAGE_314849080-768x1024.jpg 768w, http:\/\/sundalsryr.se\/wp-content\/uploads\/2022\/03\/IMAGE_314849080-225x300.jpg 225w\" sizes=\"(max-width: 564px) 100vw, 564px\" \/><\/a><\/p>\n<p>Kv\u00e4llen d\u00e5 fotograf Tore Hagman kom och ber\u00e4ttade och visade sina fantastiska bilder om det svunna bondesamh\u00e4llet blev mycket lyckad. F\u00f6r ett 10-tal \u00e5r sedan var Tore h\u00e4r, d\u00e5 visade han sin fotoserie om \u201dMulens marker\u201d. Med sina vackra bilder och h\u00e4rliga ber\u00e4ttelser blev det en kv\u00e4ll som gjorde starkt avtryck. Sedan dess har han givit ut ett flertal fotob\u00f6cker tex V\u00e4stkust fr\u00e5n Nidingen till Koster, Solvarv och V\u00e4nerhavet, men inte f\u00f6rr\u00e4n nu har vi f\u00e5tt \u00e4ran att ta del av \u00e4nnu ett av hans f\u00f6redrag.<\/p>\n<p><a href=\"http:\/\/sundalsryr.se\/wp-content\/uploads\/2022\/03\/IMAGE_314849333.jpg\"><img loading=\"lazy\" decoding=\"async\" class=\"aligncenter wp-image-5277\" src=\"http:\/\/sundalsryr.se\/wp-content\/uploads\/2022\/03\/IMAGE_314849333-1024x768.jpg\" alt=\"\" width=\"438\" height=\"329\" srcset=\"http:\/\/sundalsryr.se\/wp-content\/uploads\/2022\/03\/IMAGE_314849333-1024x768.jpg 1024w, http:\/\/sundalsryr.se\/wp-content\/uploads\/2022\/03\/IMAGE_314849333-300x225.jpg 300w, http:\/\/sundalsryr.se\/wp-content\/uploads\/2022\/03\/IMAGE_314849333-768x576.jpg 768w\" sizes=\"(max-width: 438px) 100vw, 438px\" \/><\/a><\/p>\n<p>I den nyutkomna boken \u201d<strong>V\u00e5r tid med jorden<\/strong>\u201d skildrar\u00a0<strong>Tore Hagman<\/strong>\u00a0de sista sm\u00e5brukarna. F\u00e4ltarbete med kamera och bandspelare gjorde han under 1900-talets tv\u00e5 sista decennier. I f\u00f6rsta hand handlar boken om m\u00e4nniskor, men ocks\u00e5 om odlingsbilder som v\u00e4xt fram genom sekler. Att den tiden \u00e4r f\u00f6rbi \u00e4r p\u00e5 m\u00e5nga s\u00e4tt sorgligt, men samtidigt \u00e4r bilderna magiskt varma och levande.<\/p>\n<p>Ungef\u00e4r 20 personer kom och lyssnade p\u00e5 detta enast\u00e5ende f\u00f6redrag. \u00a0De som inte kom f\u00e5r skylla sig sj\u00e4lva att de missade detta tillf\u00e4lle.<\/p>\n<p>&nbsp;<\/p>\n<p>.<\/p>\n","protected":false},"excerpt":{"rendered":"<p>Kv\u00e4llen d\u00e5 fotograf Tore Hagman kom och ber\u00e4ttade och visade sina fantastiska bilder om det svunna bondesamh\u00e4llet blev mycket lyckad. F\u00f6r ett 10-tal \u00e5r sedan var Tore h\u00e4r, d\u00e5 visade han sin fotoserie om \u201dMulens marker\u201d. Med sina vackra bilder och h\u00e4rliga ber\u00e4ttelser blev det en kv\u00e4ll som gjorde starkt avtryck. Sedan dess har han&#8230;<\/p>\n","protected":false},"author":3,"featured_media":0,"comment_status":"open","ping_status":"open","sticky":false,"template":"","format":"standard","meta":{"_monsterinsights_skip_tracking":false,"_monsterinsights_sitenote_active":false,"_monsterinsights_sitenote_note":"","_monsterinsights_sitenote_category":0,"footnotes":""},"categories":[1],"tags":[],"class_list":["post-5275","post","type-post","status-publish","format-standard","hentry","category-aktuellt"],"_links":{"self":[{"href":"http:\/\/sundalsryr.se\/index.php?rest_route=\/wp\/v2\/posts\/5275"}],"collection":[{"href":"http:\/\/sundalsryr.se\/index.php?rest_route=\/wp\/v2\/posts"}],"about":[{"href":"http:\/\/sundalsryr.se\/index.php?rest_route=\/wp\/v2\/types\/post"}],"author":[{"embeddable":true,"href":"http:\/\/sundalsryr.se\/index.php?rest_route=\/wp\/v2\/users\/3"}],"replies":[{"embeddable":true,"href":"http:\/\/sundalsryr.se\/index.php?rest_route=%2Fwp%2Fv2%2Fcomments&post=5275"}],"version-history":[{"count":2,"href":"http:\/\/sundalsryr.se\/index.php?rest_route=\/wp\/v2\/posts\/5275\/revisions"}],"predecessor-version":[{"id":5279,"href":"http:\/\/sundalsryr.se\/index.php?rest_route=\/wp\/v2\/posts\/5275\/revisions\/5279"}],"wp:attachment":[{"href":"http:\/\/sundalsryr.se\/index.php?rest_route=%2Fwp%2Fv2%2Fmedia&parent=5275"}],"wp:term":[{"taxonomy":"category","embeddable":true,"href":"http:\/\/sundalsryr.se\/index.php?rest_route=%2Fwp%2Fv2%2Fcategories&post=5275"},{"taxonomy":"post_tag","embeddable":true,"href":"http:\/\/sundalsryr.se\/index.php?rest_route=%2Fwp%2Fv2%2Ftags&post=5275"}],"curies":[{"name":"wp","href":"https:\/\/api.w.org\/{rel}","templated":true}]}}