{"id":5282,"date":"2022-03-08T18:08:44","date_gmt":"2022-03-08T18:08:44","guid":{"rendered":"http:\/\/sundalsryr.se\/?p=5282"},"modified":"2022-03-08T18:08:44","modified_gmt":"2022-03-08T18:08:44","slug":"arsmote-i-sundalsgarden","status":"publish","type":"post","link":"http:\/\/sundalsryr.se\/?p=5282","title":{"rendered":"\u00c5rsm\u00f6te i Sundalsg\u00e5rden"},"content":{"rendered":"<p>P\u00e5 onsdag den 16 mars kl 18,30 \u00e4r alla v\u00e4lkomna till byalagets \u00e5rsm\u00f6te.<\/p>\n<p>Vi inleder kv\u00e4llen med ett f\u00f6redrag av Barbro Ekman fr\u00e5n civilf\u00f6rsvarsf\u00f6rbundet. Hon kommer prata om ett mycket aktuellt \u00e4mne, n\u00e4mligen hur vi ska f\u00f6rbereda oss inf\u00f6r en ev kris. Oavsett om det g\u00e4ller sn\u00f6ov\u00e4der, elavbrott, ett virusutbrott eller n\u00e5gon annan kris s\u00e5 \u00e4r det alltid bra att vara f\u00f6rberedd.\u00a0<a href=\"http:\/\/sundalsryr.se\/wp-content\/uploads\/2022\/03\/krisbild.gif\"><img loading=\"lazy\" decoding=\"async\" class=\"alignright  wp-image-5284\" src=\"http:\/\/sundalsryr.se\/wp-content\/uploads\/2022\/03\/krisbild.gif\" alt=\"\" width=\"245\" height=\"142\" \/><\/a><\/p>\n<p>D\u00e4refter har vi sedvanliga \u00e5rsm\u00f6tesf\u00f6rhandlingar. Valberedningen \u00e4r f\u00e4rdiga med \u00a0sitt arbete och ingen beh\u00f6ver oroa sig f\u00f6r p\u00e5tryckningar att bli invald i n\u00e5got man inte vill vara med i.<\/p>\n<p>&nbsp;<\/p>\n<p>Till sist firar vi att byalaget fyller 20-\u00e5r och bjuder d\u00e4rf\u00f6r alla p\u00e5 sm\u00f6rg\u00e5st\u00e5rta. F\u00f6r att vi ska veta p\u00e5 ett ungef\u00e4r hur mycket det kommer g\u00e5 \u00e5t, vill vi g\u00e4rna att ni anm\u00e4ler er till Thomas Darberg 073-4244493, <a href=\"mailto:thda75@hotmail.com\">thda75@hotmail.com<\/a> eller till n\u00e5gon annan i styrelsen.<\/p>\n<p><a href=\"http:\/\/sundalsryr.se\/wp-content\/uploads\/2022\/03\/download-1.jpg\"><img loading=\"lazy\" decoding=\"async\" class=\"alignleft size-full wp-image-5285\" src=\"http:\/\/sundalsryr.se\/wp-content\/uploads\/2022\/03\/download-1.jpg\" alt=\"\" width=\"194\" height=\"259\" \/><\/a><\/p>\n<p>&nbsp;<\/p>\n<p>&nbsp;<\/p>\n<p>&nbsp;<\/p>\n<p>&nbsp;<\/p>\n<p>&nbsp;<\/p>\n<p>&nbsp;<\/p>\n<p>&nbsp;<\/p>\n<p>&nbsp;<\/p>\n<p>&nbsp;<\/p>\n<p style=\"text-align: center;\"><strong>Hoppas vi ses !<\/strong><\/p>\n<p>&nbsp;<\/p>\n<p>.<\/p>\n","protected":false},"excerpt":{"rendered":"<p>P\u00e5 onsdag den 16 mars kl 18,30 \u00e4r alla v\u00e4lkomna till byalagets \u00e5rsm\u00f6te. Vi inleder kv\u00e4llen med ett f\u00f6redrag av Barbro Ekman fr\u00e5n civilf\u00f6rsvarsf\u00f6rbundet. Hon kommer prata om ett mycket aktuellt \u00e4mne, n\u00e4mligen hur vi ska f\u00f6rbereda oss inf\u00f6r en ev kris. Oavsett om det g\u00e4ller sn\u00f6ov\u00e4der, elavbrott, ett virusutbrott eller n\u00e5gon annan kris s\u00e5&#8230;<\/p>\n","protected":false},"author":3,"featured_media":0,"comment_status":"open","ping_status":"open","sticky":false,"template":"","format":"standard","meta":{"_monsterinsights_skip_tracking":false,"_monsterinsights_sitenote_active":false,"_monsterinsights_sitenote_note":"","_monsterinsights_sitenote_category":0,"footnotes":""},"categories":[1],"tags":[],"class_list":["post-5282","post","type-post","status-publish","format-standard","hentry","category-aktuellt"],"_links":{"self":[{"href":"http:\/\/sundalsryr.se\/index.php?rest_route=\/wp\/v2\/posts\/5282"}],"collection":[{"href":"http:\/\/sundalsryr.se\/index.php?rest_route=\/wp\/v2\/posts"}],"about":[{"href":"http:\/\/sundalsryr.se\/index.php?rest_route=\/wp\/v2\/types\/post"}],"author":[{"embeddable":true,"href":"http:\/\/sundalsryr.se\/index.php?rest_route=\/wp\/v2\/users\/3"}],"replies":[{"embeddable":true,"href":"http:\/\/sundalsryr.se\/index.php?rest_route=%2Fwp%2Fv2%2Fcomments&post=5282"}],"version-history":[{"count":2,"href":"http:\/\/sundalsryr.se\/index.php?rest_route=\/wp\/v2\/posts\/5282\/revisions"}],"predecessor-version":[{"id":5287,"href":"http:\/\/sundalsryr.se\/index.php?rest_route=\/wp\/v2\/posts\/5282\/revisions\/5287"}],"wp:attachment":[{"href":"http:\/\/sundalsryr.se\/index.php?rest_route=%2Fwp%2Fv2%2Fmedia&parent=5282"}],"wp:term":[{"taxonomy":"category","embeddable":true,"href":"http:\/\/sundalsryr.se\/index.php?rest_route=%2Fwp%2Fv2%2Fcategories&post=5282"},{"taxonomy":"post_tag","embeddable":true,"href":"http:\/\/sundalsryr.se\/index.php?rest_route=%2Fwp%2Fv2%2Ftags&post=5282"}],"curies":[{"name":"wp","href":"https:\/\/api.w.org\/{rel}","templated":true}]}}