{"id":5289,"date":"2022-03-17T14:59:10","date_gmt":"2022-03-17T14:59:10","guid":{"rendered":"http:\/\/sundalsryr.se\/?p=5289"},"modified":"2022-03-17T14:59:10","modified_gmt":"2022-03-17T14:59:10","slug":"krisberedskap","status":"publish","type":"post","link":"http:\/\/sundalsryr.se\/?p=5289","title":{"rendered":"Krisberedskap"},"content":{"rendered":"<p>Vilken lyckad \u00e5rsm\u00f6teskv\u00e4ll det blev. Kv\u00e4llen inleddes med att Barbro Ekman fr\u00e5n civilf\u00f6rsvarsf\u00f6rbundet pratade om hemberedskap. N\u00e4r vi i styrelsen i december satt och funderade p\u00e5 v\u00e5rens program kunde vi ju inte t\u00e4nka oss att detta \u00e4mne, nu i mars, skulle vara mer aktuellt \u00e4n n\u00e5gonsin. Men att ha beredskap f\u00f6r att n\u00e5got of\u00f6rberett kan h\u00e4nda, borde egentligen alltid vara aktuellt. Att vi som privatpersoner kan ta hand om oss sj\u00e4lva vid ett l\u00e5ngvarigt str\u00f6mavbrott, en storm, skogsbrand eller annan kris g\u00f6r att samh\u00e4llets resurser kan l\u00e4ggas p\u00e5 att ta hand om dem som inte kan klara sig sj\u00e4lva.<\/p>\n<p><a href=\"http:\/\/sundalsryr.se\/wp-content\/uploads\/2022\/03\/DSC_0814.jpg\"><img loading=\"lazy\" decoding=\"async\" class=\"aligncenter  wp-image-5290\" src=\"http:\/\/sundalsryr.se\/wp-content\/uploads\/2022\/03\/DSC_0814-1024x768.jpg\" alt=\"\" width=\"569\" height=\"758\" \/><\/a><\/p>\n<p>F\u00f6rst och fr\u00e4mst ska man t\u00e4nka p\u00e5 vad som \u00e4r v\u00e5ra grundl\u00e4ggande behov, <strong>vatten, v\u00e4rme, mat, s\u00f6mn och information. <\/strong>Barbro hade med sig sin egen krisl\u00e5da och visade hur hon hade f\u00f6rberett sig, men framh\u00f6ll ocks\u00e5 att behoven kan se olika ut beroende p\u00e5 hur man bor och vem man \u00e4r. Bor man i l\u00e4genhet m\u00e5ste man ha en plan f\u00f6r att kunna v\u00e4rma sig sj\u00e4lv och sin mat, bor man p\u00e5 landet kanske man redan har vedspis eller braskamin.<\/p>\n<p>En dunk som man kan h\u00e4mta vatten i \u00e4r alltid bra, man kan ocks\u00e5 ha ett par vattenfyllda pet-flaskor i frysen. N\u00e4r man planerar kris-mat \u00e4r det bra med konserver och torrvaror, som h\u00e5ller sig l\u00e4nge och \u00e4r l\u00e4ttlagade. Gl\u00f6m inte kaffe och snus, \u00e4ven om det inte \u00e4r livsn\u00f6dv\u00e4ndigt s\u00e5 kan det bli v\u00e4ldigt jobbigt om det inte finns. F\u00f6r att h\u00e5lla v\u00e4rmen kan man ha p\u00e5 sig ytterkl\u00e4der inne och samlas alla i ett rum.<\/p>\n<p>Man har ocks\u00e5 en skyldighet att h\u00e5lla sig informerad om vad som h\u00e4nder. En batteriradio b\u00f6r alla ha. Kanalen P4 \u00e4r den kanal d\u00e4r man f\u00e5r samh\u00e4llsinformation, har man m\u00f6jlighet kan man \u00e4ven ringa 113 13 som \u00e4r Sveriges nationella informationsnummer. Ett annat grundl\u00e4ggande behov \u00e4r s\u00f6mn, f\u00e5r man inte sova fungerar man s\u00e4mre och f\u00e5r d\u00e5ligt omd\u00f6me. S\u00e5 \u00e4ven om en kris \u00e4r stressande b\u00f6r man f\u00f6rs\u00f6ka sova n\u00e5gra timmar varje dygn.<\/p>\n<p>F\u00f6r att klara av hygienen kan man anv\u00e4nda v\u00e5tservetter, det sparar vatten. En kraftig plastp\u00e5se i toalettstolen kan anv\u00e4ndas som torrdass. Ljus, ficklampa, batterier, t\u00e4ndstickor, f\u00f6rbandsmaterial, mediciner och lite kontanter b\u00f6r man ocks\u00e5 t\u00e4nka p\u00e5 n\u00e4r man planerar f\u00f6r en kris.<\/p>\n<p><a href=\"http:\/\/sundalsryr.se\/wp-content\/uploads\/2022\/03\/DSC_0817.jpg\"><img loading=\"lazy\" decoding=\"async\" class=\"aligncenter  wp-image-5291\" src=\"http:\/\/sundalsryr.se\/wp-content\/uploads\/2022\/03\/DSC_0817-1024x768.jpg\" alt=\"\" width=\"606\" height=\"808\" \/><\/a><\/p>\n<p>I broschyren &#8221;om krisen eller kriget kommer&#8221; kan man l\u00e4sa mer om krisberedskap.<\/p>\n<p>Sj\u00e4lvklart hoppas vi alla att vi aldrig ska beh\u00f6va uppleva n\u00e5gon kris. Men om det skulle h\u00e4nda, se till att du \u00e4r den som kan hj\u00e4lpa och inte den som beh\u00f6ver bli hj\u00e4lpt.<\/p>\n<p>&nbsp;<\/p>\n<p>\/Susanne Borss\u00e9n<\/p>\n","protected":false},"excerpt":{"rendered":"<p>Vilken lyckad \u00e5rsm\u00f6teskv\u00e4ll det blev. Kv\u00e4llen inleddes med att Barbro Ekman fr\u00e5n civilf\u00f6rsvarsf\u00f6rbundet pratade om hemberedskap. N\u00e4r vi i styrelsen i december satt och funderade p\u00e5 v\u00e5rens program kunde vi ju inte t\u00e4nka oss att detta \u00e4mne, nu i mars, skulle vara mer aktuellt \u00e4n n\u00e5gonsin. Men att ha beredskap f\u00f6r att n\u00e5got of\u00f6rberett kan&#8230;<\/p>\n","protected":false},"author":3,"featured_media":0,"comment_status":"open","ping_status":"open","sticky":false,"template":"","format":"standard","meta":{"_monsterinsights_skip_tracking":false,"_monsterinsights_sitenote_active":false,"_monsterinsights_sitenote_note":"","_monsterinsights_sitenote_category":0,"footnotes":""},"categories":[1],"tags":[],"class_list":["post-5289","post","type-post","status-publish","format-standard","hentry","category-aktuellt"],"_links":{"self":[{"href":"http:\/\/sundalsryr.se\/index.php?rest_route=\/wp\/v2\/posts\/5289"}],"collection":[{"href":"http:\/\/sundalsryr.se\/index.php?rest_route=\/wp\/v2\/posts"}],"about":[{"href":"http:\/\/sundalsryr.se\/index.php?rest_route=\/wp\/v2\/types\/post"}],"author":[{"embeddable":true,"href":"http:\/\/sundalsryr.se\/index.php?rest_route=\/wp\/v2\/users\/3"}],"replies":[{"embeddable":true,"href":"http:\/\/sundalsryr.se\/index.php?rest_route=%2Fwp%2Fv2%2Fcomments&post=5289"}],"version-history":[{"count":1,"href":"http:\/\/sundalsryr.se\/index.php?rest_route=\/wp\/v2\/posts\/5289\/revisions"}],"predecessor-version":[{"id":5292,"href":"http:\/\/sundalsryr.se\/index.php?rest_route=\/wp\/v2\/posts\/5289\/revisions\/5292"}],"wp:attachment":[{"href":"http:\/\/sundalsryr.se\/index.php?rest_route=%2Fwp%2Fv2%2Fmedia&parent=5289"}],"wp:term":[{"taxonomy":"category","embeddable":true,"href":"http:\/\/sundalsryr.se\/index.php?rest_route=%2Fwp%2Fv2%2Fcategories&post=5289"},{"taxonomy":"post_tag","embeddable":true,"href":"http:\/\/sundalsryr.se\/index.php?rest_route=%2Fwp%2Fv2%2Ftags&post=5289"}],"curies":[{"name":"wp","href":"https:\/\/api.w.org\/{rel}","templated":true}]}}