{"id":5336,"date":"2022-04-24T15:10:05","date_gmt":"2022-04-24T15:10:05","guid":{"rendered":"http:\/\/sundalsryr.se\/?p=5336"},"modified":"2022-04-24T15:10:05","modified_gmt":"2022-04-24T15:10:05","slug":"pa-vandring-bland-rullsten-och-idegran","status":"publish","type":"post","link":"http:\/\/sundalsryr.se\/?p=5336","title":{"rendered":"P\u00e5 vandring bland rullsten och idegran"},"content":{"rendered":"<p><span style=\"font-weight: 400;\">Polisen och skallg\u00e5ngskedjan gav upp efter mer \u00e4n en veckas s\u00f6kande p\u00e5 fj\u00e4llet. Gamla Anna stod inte att finna n\u00e5gonstans. Men s\u00e5 pl\u00f6tsligt ringde en telefon. Anna var hittad av n\u00e5gra fiskare som, n\u00e4r de inte fick napp v\u00e4nde blicken mot b\u00e4rbuskagen i skogen. D\u00e4r i skogen h\u00f6rde de svaga rop p\u00e5 hj\u00e4lp, de hittade Anna och bar henne till ekan och rodde \u00f6ver sj\u00f6n efter hj\u00e4lp.<\/span><\/p>\n<p><span style=\"font-weight: 400;\">Bosse Elofsson var med i skallg\u00e5ngskedjan den g\u00e5ngen f\u00f6r l\u00e4nge sedan, och det \u00e4r han som ber\u00e4ttar historien om gamla Anna Hansson som levde i sitt lilla torp i skogen tills hon var \u00f6ver 90 \u00e5r och som m\u00e5nga i de \u00e4ldre generationerna i Sundals Ryr k\u00e4nner v\u00e4l till.<\/span><\/p>\n<figure id=\"attachment_5337\" aria-describedby=\"caption-attachment-5337\" style=\"width: 601px\" class=\"wp-caption aligncenter\"><a href=\"http:\/\/sundalsryr.se\/wp-content\/uploads\/2022\/04\/Bl\u00e5sippor-Stor.jpeg\"><img loading=\"lazy\" decoding=\"async\" class=\"wp-image-5337\" src=\"http:\/\/sundalsryr.se\/wp-content\/uploads\/2022\/04\/Bl\u00e5sippor-Stor.jpeg\" alt=\"\" width=\"601\" height=\"712\" srcset=\"http:\/\/sundalsryr.se\/wp-content\/uploads\/2022\/04\/Bl\u00e5sippor-Stor.jpeg 1080w, http:\/\/sundalsryr.se\/wp-content\/uploads\/2022\/04\/Bl\u00e5sippor-Stor-253x300.jpeg 253w, http:\/\/sundalsryr.se\/wp-content\/uploads\/2022\/04\/Bl\u00e5sippor-Stor-768x910.jpeg 768w, http:\/\/sundalsryr.se\/wp-content\/uploads\/2022\/04\/Bl\u00e5sippor-Stor-864x1024.jpeg 864w\" sizes=\"(max-width: 601px) 100vw, 601px\" \/><\/a><figcaption id=\"caption-attachment-5337\" class=\"wp-caption-text\">Bl\u00e5sippor bildade bl\u00e5a mattor l\u00e4ngs stigarna i naturreservatet<\/figcaption><\/figure>\n<p><span style=\"font-weight: 400;\">De som lyssnar till Bosses historier \u00e4r 16 till antalet, om man inte r\u00e4knar de tre hundar som ocks\u00e5 tagit sig upp till Snappan vid foten av Granan. Vandringen som ledde fram till torpgrunden efter Annas hus utmed \u201cUddevallav\u00e4gen\u201d hade startat n\u00e5gra timmar tidigare hemma p\u00e5 Bosses g\u00e5rdsplan mellan det vita boningshuset, de r\u00f6da g\u00e5rdshusen, utedasset och den gamla all\u00e9n som inte l\u00e4ngre leder n\u00e5gonstans.<\/span><\/p>\n<figure id=\"attachment_5338\" aria-describedby=\"caption-attachment-5338\" style=\"width: 598px\" class=\"wp-caption aligncenter\"><a href=\"http:\/\/sundalsryr.se\/wp-content\/uploads\/2022\/04\/Bosse-visar-bilder-Stor.jpeg\"><img loading=\"lazy\" decoding=\"async\" class=\" wp-image-5338\" src=\"http:\/\/sundalsryr.se\/wp-content\/uploads\/2022\/04\/Bosse-visar-bilder-Stor.jpeg\" alt=\"\" width=\"598\" height=\"449\" srcset=\"http:\/\/sundalsryr.se\/wp-content\/uploads\/2022\/04\/Bosse-visar-bilder-Stor.jpeg 1280w, http:\/\/sundalsryr.se\/wp-content\/uploads\/2022\/04\/Bosse-visar-bilder-Stor-300x225.jpeg 300w, http:\/\/sundalsryr.se\/wp-content\/uploads\/2022\/04\/Bosse-visar-bilder-Stor-768x576.jpeg 768w, http:\/\/sundalsryr.se\/wp-content\/uploads\/2022\/04\/Bosse-visar-bilder-Stor-1024x768.jpeg 1024w\" sizes=\"(max-width: 598px) 100vw, 598px\" \/><\/a><figcaption id=\"caption-attachment-5338\" class=\"wp-caption-text\">Bosse Elofsson visar bilder p\u00e5 hur det s\u00e5g ut f\u00f6rr f\u00f6r de intresserade \u00e5h\u00f6rarna<\/figcaption><\/figure>\n<p><span style=\"font-weight: 400;\">D\u00e5, vid vandringens start bl\u00e5ste det sn\u00e5lt om \u00f6ronen och molnen dolde varje tillstymmelse till sol. Men allt eftersom s\u00e4llskapet tog sig runt bland torpruiner, svartb\u00e4ckar, rullstenar och idegranar blev luckorna i molnt\u00e4cket fler och st\u00f6rre och n\u00e4r det var dags f\u00f6r fika v\u00e4rmde solen sk\u00f6nt, denna den sista s\u00f6ndagen i april.<\/span><\/p>\n<figure id=\"attachment_5339\" aria-describedby=\"caption-attachment-5339\" style=\"width: 595px\" class=\"wp-caption aligncenter\"><a href=\"http:\/\/sundalsryr.se\/wp-content\/uploads\/2022\/04\/Bosses-g\u00e5rdsplan-Stor.jpeg\"><img loading=\"lazy\" decoding=\"async\" class=\" wp-image-5339\" src=\"http:\/\/sundalsryr.se\/wp-content\/uploads\/2022\/04\/Bosses-g\u00e5rdsplan-Stor.jpeg\" alt=\"\" width=\"595\" height=\"472\" srcset=\"http:\/\/sundalsryr.se\/wp-content\/uploads\/2022\/04\/Bosses-g\u00e5rdsplan-Stor.jpeg 1280w, http:\/\/sundalsryr.se\/wp-content\/uploads\/2022\/04\/Bosses-g\u00e5rdsplan-Stor-300x238.jpeg 300w, http:\/\/sundalsryr.se\/wp-content\/uploads\/2022\/04\/Bosses-g\u00e5rdsplan-Stor-768x608.jpeg 768w, http:\/\/sundalsryr.se\/wp-content\/uploads\/2022\/04\/Bosses-g\u00e5rdsplan-Stor-1024x811.jpeg 1024w\" sizes=\"(max-width: 595px) 100vw, 595px\" \/><\/a><figcaption id=\"caption-attachment-5339\" class=\"wp-caption-text\">Bl\u00e5st och kyla hindrade inte de 16 vandrarna som samlades p\u00e5 Bosse Elofssons g\u00e5rdsplan f\u00f6re avmarschen<\/figcaption><\/figure>\n<figure id=\"attachment_5340\" aria-describedby=\"caption-attachment-5340\" style=\"width: 600px\" class=\"wp-caption aligncenter\"><a href=\"http:\/\/sundalsryr.se\/wp-content\/uploads\/2022\/04\/Idegran-Stor.jpeg\"><img loading=\"lazy\" decoding=\"async\" class=\" wp-image-5340\" src=\"http:\/\/sundalsryr.se\/wp-content\/uploads\/2022\/04\/Idegran-Stor.jpeg\" alt=\"\" width=\"600\" height=\"800\" srcset=\"http:\/\/sundalsryr.se\/wp-content\/uploads\/2022\/04\/Idegran-Stor.jpeg 960w, http:\/\/sundalsryr.se\/wp-content\/uploads\/2022\/04\/Idegran-Stor-225x300.jpeg 225w, http:\/\/sundalsryr.se\/wp-content\/uploads\/2022\/04\/Idegran-Stor-768x1024.jpeg 768w\" sizes=\"(max-width: 600px) 100vw, 600px\" \/><\/a><figcaption id=\"caption-attachment-5340\" class=\"wp-caption-text\">Idegranar finns det endel i naturreservatet vis Snappan. Barken p\u00e5 tr\u00e4den har visat sig kunna vara en viktig ingrediens i modern cancermedicin<\/figcaption><\/figure>\n<p><span style=\"font-weight: 400;\">Att Bosse k\u00e4nner sin trakt v\u00e4l \u00e4r helt klart och kanske inte s\u00e5 konstigt med tanke p\u00e5 att sl\u00e4kten bott p\u00e5 samma st\u00e4lle sedan 1700-talet. Bosse sj\u00e4lv tillh\u00f6r den sjunde generationen. Det fanns ocks\u00e5 fler i s\u00e4llskapet som kunde hj\u00e4lpa till och fylla p\u00e5 med \u00e4nnu fler fakta och anekdoter om m\u00e4nniskorna som bott d\u00e4r och brukat jorden f\u00f6r l\u00e4nge sedan.<\/span><\/p>\n<figure id=\"attachment_5341\" aria-describedby=\"caption-attachment-5341\" style=\"width: 605px\" class=\"wp-caption aligncenter\"><a href=\"http:\/\/sundalsryr.se\/wp-content\/uploads\/2022\/04\/Fika-i-solbacken-Stor.jpeg\"><img loading=\"lazy\" decoding=\"async\" class=\" wp-image-5341\" src=\"http:\/\/sundalsryr.se\/wp-content\/uploads\/2022\/04\/Fika-i-solbacken-Stor.jpeg\" alt=\"\" width=\"605\" height=\"514\" srcset=\"http:\/\/sundalsryr.se\/wp-content\/uploads\/2022\/04\/Fika-i-solbacken-Stor.jpeg 1280w, http:\/\/sundalsryr.se\/wp-content\/uploads\/2022\/04\/Fika-i-solbacken-Stor-300x255.jpeg 300w, http:\/\/sundalsryr.se\/wp-content\/uploads\/2022\/04\/Fika-i-solbacken-Stor-768x653.jpeg 768w, http:\/\/sundalsryr.se\/wp-content\/uploads\/2022\/04\/Fika-i-solbacken-Stor-1024x870.jpeg 1024w\" sizes=\"(max-width: 605px) 100vw, 605px\" \/><\/a><figcaption id=\"caption-attachment-5341\" class=\"wp-caption-text\">Lagom till fikapausen skingrades molnen och solen v\u00e4rmde s\u00e4llskapet lika mycket som kaffet i termosen<\/figcaption><\/figure>\n<p><span style=\"font-weight: 400;\">Stort tack till Bosse och alla som vandrade med i v\u00e5rsolen.<\/span><\/p>\n<p><span style=\"font-weight: 400;\">Christel Thuresson<\/span><\/p>\n<p><span style=\"font-weight: 400;\">Sundals Ryr Byalag<\/span><\/p>\n<p>&nbsp;<\/p>\n","protected":false},"excerpt":{"rendered":"<p>Polisen och skallg\u00e5ngskedjan gav upp efter mer \u00e4n en veckas s\u00f6kande p\u00e5 fj\u00e4llet. Gamla Anna stod inte att finna n\u00e5gonstans. Men s\u00e5 pl\u00f6tsligt ringde en telefon. Anna var hittad av n\u00e5gra fiskare som, n\u00e4r de inte fick napp v\u00e4nde blicken mot b\u00e4rbuskagen i skogen. D\u00e4r i skogen h\u00f6rde de svaga rop p\u00e5 hj\u00e4lp, de hittade&#8230;<\/p>\n","protected":false},"author":3,"featured_media":0,"comment_status":"open","ping_status":"open","sticky":false,"template":"","format":"standard","meta":{"_monsterinsights_skip_tracking":false,"_monsterinsights_sitenote_active":false,"_monsterinsights_sitenote_note":"","_monsterinsights_sitenote_category":0,"footnotes":""},"categories":[15],"tags":[],"class_list":["post-5336","post","type-post","status-publish","format-standard","hentry","category-vandringar"],"_links":{"self":[{"href":"http:\/\/sundalsryr.se\/index.php?rest_route=\/wp\/v2\/posts\/5336"}],"collection":[{"href":"http:\/\/sundalsryr.se\/index.php?rest_route=\/wp\/v2\/posts"}],"about":[{"href":"http:\/\/sundalsryr.se\/index.php?rest_route=\/wp\/v2\/types\/post"}],"author":[{"embeddable":true,"href":"http:\/\/sundalsryr.se\/index.php?rest_route=\/wp\/v2\/users\/3"}],"replies":[{"embeddable":true,"href":"http:\/\/sundalsryr.se\/index.php?rest_route=%2Fwp%2Fv2%2Fcomments&post=5336"}],"version-history":[{"count":1,"href":"http:\/\/sundalsryr.se\/index.php?rest_route=\/wp\/v2\/posts\/5336\/revisions"}],"predecessor-version":[{"id":5342,"href":"http:\/\/sundalsryr.se\/index.php?rest_route=\/wp\/v2\/posts\/5336\/revisions\/5342"}],"wp:attachment":[{"href":"http:\/\/sundalsryr.se\/index.php?rest_route=%2Fwp%2Fv2%2Fmedia&parent=5336"}],"wp:term":[{"taxonomy":"category","embeddable":true,"href":"http:\/\/sundalsryr.se\/index.php?rest_route=%2Fwp%2Fv2%2Fcategories&post=5336"},{"taxonomy":"post_tag","embeddable":true,"href":"http:\/\/sundalsryr.se\/index.php?rest_route=%2Fwp%2Fv2%2Ftags&post=5336"}],"curies":[{"name":"wp","href":"https:\/\/api.w.org\/{rel}","templated":true}]}}