{"id":5371,"date":"2022-05-26T18:16:16","date_gmt":"2022-05-26T18:16:16","guid":{"rendered":"http:\/\/sundalsryr.se\/?p=5371"},"modified":"2022-05-26T18:16:16","modified_gmt":"2022-05-26T18:16:16","slug":"badplatsstadning-5","status":"publish","type":"post","link":"http:\/\/sundalsryr.se\/?p=5371","title":{"rendered":"Badplatsst\u00e4dning"},"content":{"rendered":"<p>Varje v\u00e5r i m\u00e5nga \u00e5r har byalaget st\u00e4dat badplatsen vid Bollungen, s\u00e5 \u00e4ven i \u00e5r. Sundals ryrborna \u00e4r sk\u00f6tsamma och tar med sitt skr\u00e4p hem, s\u00e5 det \u00e4r mest vass och grenar som samlats under vintern som ska krattas ihop och k\u00f6ras bort. En och annan trasig hockey-klubba och n\u00e5gon enstaka trasig flytleksak finns det ocks\u00e5. Men arbetet g\u00e5r fort och l\u00e4tt n\u00e4r m\u00e5nga hj\u00e4lps \u00e5t.<\/p>\n<p><a href=\"http:\/\/sundalsryr.se\/wp-content\/uploads\/2022\/05\/DSC_0944.jpg\"><img loading=\"lazy\" decoding=\"async\" class=\"aligncenter  wp-image-5372\" src=\"http:\/\/sundalsryr.se\/wp-content\/uploads\/2022\/05\/DSC_0944-1024x768.jpg\" alt=\"\" width=\"742\" height=\"557\" srcset=\"http:\/\/sundalsryr.se\/wp-content\/uploads\/2022\/05\/DSC_0944-1024x768.jpg 1024w, http:\/\/sundalsryr.se\/wp-content\/uploads\/2022\/05\/DSC_0944-300x225.jpg 300w, http:\/\/sundalsryr.se\/wp-content\/uploads\/2022\/05\/DSC_0944-768x576.jpg 768w, http:\/\/sundalsryr.se\/wp-content\/uploads\/2022\/05\/DSC_0944.jpg 1600w\" sizes=\"(max-width: 742px) 100vw, 742px\" \/><\/a><\/p>\n<p>Det hade varit uppeh\u00e5ll hela eftermiddagen, men just n\u00e4r vi samlats f\u00f6r att r\u00f6ja och st\u00e4da kom regnet. Men ingen var ledsen f\u00f6r det. Alla jobbade p\u00e5 och efter mindre \u00e4n en timma s\u00e5 var stranden krattad och f\u00e4rdig f\u00f6r bads\u00e4songen.<\/p>\n<p>Nu \u00e4r det bara att se fram emot soliga varma dagar n\u00e4r man kan njuta av ett bad vid v\u00e5r fina lilla badplats.<\/p>\n<p>Tack till er som hj\u00e4lpte till att f\u00e5 badplatsen sommarfin, hoppas ni f\u00e5r m\u00e5nga h\u00e4rliga bad i sommar.<\/p>\n<p>&nbsp;<\/p>\n<p>\/Susanne Borss\u00e9n<\/p>\n<p>&nbsp;<\/p>\n","protected":false},"excerpt":{"rendered":"<p>Varje v\u00e5r i m\u00e5nga \u00e5r har byalaget st\u00e4dat badplatsen vid Bollungen, s\u00e5 \u00e4ven i \u00e5r. Sundals ryrborna \u00e4r sk\u00f6tsamma och tar med sitt skr\u00e4p hem, s\u00e5 det \u00e4r mest vass och grenar som samlats under vintern som ska krattas ihop och k\u00f6ras bort. En och annan trasig hockey-klubba och n\u00e5gon enstaka trasig flytleksak finns det&#8230;<\/p>\n","protected":false},"author":3,"featured_media":0,"comment_status":"open","ping_status":"open","sticky":false,"template":"","format":"standard","meta":{"_monsterinsights_skip_tracking":false,"_monsterinsights_sitenote_active":false,"_monsterinsights_sitenote_note":"","_monsterinsights_sitenote_category":0,"footnotes":""},"categories":[1],"tags":[],"class_list":["post-5371","post","type-post","status-publish","format-standard","hentry","category-aktuellt"],"_links":{"self":[{"href":"http:\/\/sundalsryr.se\/index.php?rest_route=\/wp\/v2\/posts\/5371"}],"collection":[{"href":"http:\/\/sundalsryr.se\/index.php?rest_route=\/wp\/v2\/posts"}],"about":[{"href":"http:\/\/sundalsryr.se\/index.php?rest_route=\/wp\/v2\/types\/post"}],"author":[{"embeddable":true,"href":"http:\/\/sundalsryr.se\/index.php?rest_route=\/wp\/v2\/users\/3"}],"replies":[{"embeddable":true,"href":"http:\/\/sundalsryr.se\/index.php?rest_route=%2Fwp%2Fv2%2Fcomments&post=5371"}],"version-history":[{"count":1,"href":"http:\/\/sundalsryr.se\/index.php?rest_route=\/wp\/v2\/posts\/5371\/revisions"}],"predecessor-version":[{"id":5373,"href":"http:\/\/sundalsryr.se\/index.php?rest_route=\/wp\/v2\/posts\/5371\/revisions\/5373"}],"wp:attachment":[{"href":"http:\/\/sundalsryr.se\/index.php?rest_route=%2Fwp%2Fv2%2Fmedia&parent=5371"}],"wp:term":[{"taxonomy":"category","embeddable":true,"href":"http:\/\/sundalsryr.se\/index.php?rest_route=%2Fwp%2Fv2%2Fcategories&post=5371"},{"taxonomy":"post_tag","embeddable":true,"href":"http:\/\/sundalsryr.se\/index.php?rest_route=%2Fwp%2Fv2%2Ftags&post=5371"}],"curies":[{"name":"wp","href":"https:\/\/api.w.org\/{rel}","templated":true}]}}