{"id":5386,"date":"2022-07-05T18:21:16","date_gmt":"2022-07-05T18:21:16","guid":{"rendered":"http:\/\/sundalsryr.se\/?p=5386"},"modified":"2022-07-05T18:29:59","modified_gmt":"2022-07-05T18:29:59","slug":"internationella-framgangar-for-rally-karlsson","status":"publish","type":"post","link":"http:\/\/sundalsryr.se\/?p=5386","title":{"rendered":"Internationella framg\u00e5ngar f\u00f6r Rally-Karlsson"},"content":{"rendered":"<p>Att intresset f\u00f6r motorsport \u00e4r stort i Sundals ryr vet vi sedan l\u00e4nge, h\u00e4r finns flera som t\u00e4vlar b\u00e5de i rally och folkrace. N\u00e4r Dals MK bildades 1972 var Bengt-\u00c5ke Karlsson i K\u00e4rrebyn en av de drivande krafterna. Nu n\u00e4r klubben har 50 \u00e5rsjubileum \u00e4r det hans son Fredrik som s\u00e4tter Sundals ryr p\u00e5 rallykartan.<\/p>\n<p><a href=\"http:\/\/sundalsryr.se\/wp-content\/uploads\/2022\/07\/3635104188401903.jpg\"><img loading=\"lazy\" decoding=\"async\" class=\"aligncenter wp-image-5387\" src=\"http:\/\/sundalsryr.se\/wp-content\/uploads\/2022\/07\/3635104188401903-1024x768.jpg\" alt=\"\" width=\"652\" height=\"489\" srcset=\"http:\/\/sundalsryr.se\/wp-content\/uploads\/2022\/07\/3635104188401903-1024x768.jpg 1024w, http:\/\/sundalsryr.se\/wp-content\/uploads\/2022\/07\/3635104188401903-300x225.jpg 300w, http:\/\/sundalsryr.se\/wp-content\/uploads\/2022\/07\/3635104188401903-768x576.jpg 768w\" sizes=\"(max-width: 652px) 100vw, 652px\" \/><\/a><\/p>\n<p>Fredrik t\u00e4vlar i klassen Volvo original och i juni var han i Tammerfors, Finland och k\u00f6rde en delt\u00e4vling i Volvo Euro cup och vann sin klass !\u00a0 F\u00f6rutom Fredrik best\u00e5r teamet av kartl\u00e4sare Per Andersson fr\u00e5n V Bodane, samt Andreas Aronsson och Bengt-\u00c5ke Karlsson.<\/p>\n<p>Jag fick en pratstund och en provtur n\u00e4r jag h\u00e4lsade p\u00e5 i garaget i Torg\u00e4rderud. Bilen \u00e4r en Volvo 940 som i stort sett \u00e4r helt original, bakaxeln \u00e4r original, v\u00e4xell\u00e5dan likas\u00e5 och motorn \u00e4r l\u00e4tt trimmad. Inne i bilen \u00e4r det tr\u00e5ngt, st\u00f6rtb\u00e5gar och de speciella racingstolarna tar upp all plats. Det finns inga mattor eller annat on\u00f6digt, i st\u00e4llet finns det brandsl\u00e4ckare och f\u00f6rsta hj\u00e4lpenl\u00e5da. Rej\u00e4la 6-punktsb\u00e4lten g\u00f6r att man sitter helt fast med \u00f6verkroppen, man kan bara r\u00f6ra armarna och benen. Att str\u00e4cka sig f\u00f6r att st\u00e4nga bild\u00f6rren n\u00e4r b\u00e4ltet \u00e4r p\u00e5 \u00e4r uteslutet. Dessutom har man flams\u00e4ker overall och hj\u00e4lm p\u00e5 t\u00e4vling. Ljudet inbjuder inte till sm\u00e5prat, motorn vr\u00e5lar och gruset sprutar. Precis det som \u00e4r tjusningen med rally. . .<\/p>\n<p><a href=\"http:\/\/sundalsryr.se\/wp-content\/uploads\/2022\/07\/DSC_0080.jpg\"><img loading=\"lazy\" decoding=\"async\" class=\"aligncenter wp-image-5388\" src=\"http:\/\/sundalsryr.se\/wp-content\/uploads\/2022\/07\/DSC_0080-1024x768.jpg\" alt=\"\" width=\"610\" height=\"458\" srcset=\"http:\/\/sundalsryr.se\/wp-content\/uploads\/2022\/07\/DSC_0080-1024x768.jpg 1024w, http:\/\/sundalsryr.se\/wp-content\/uploads\/2022\/07\/DSC_0080-300x225.jpg 300w, http:\/\/sundalsryr.se\/wp-content\/uploads\/2022\/07\/DSC_0080-768x576.jpg 768w, http:\/\/sundalsryr.se\/wp-content\/uploads\/2022\/07\/DSC_0080.jpg 1600w\" sizes=\"(max-width: 610px) 100vw, 610px\" \/><\/a><\/p>\n<p>P\u00e5 t\u00e4vlingen i Finland fick man skriva sina egna noter, vilket betyder att deltagarna k\u00f6r de olika str\u00e4ckorna innan t\u00e4vlingen och antecknar vad kartl\u00e4saren ska ge f\u00f6r information under loppet. Trots att det var f\u00f6rsta g\u00e5ngen man skrev egna noter fungerade det riktigt bra.<\/p>\n<p><a href=\"http:\/\/sundalsryr.se\/wp-content\/uploads\/2022\/07\/DSC_0083.jpg\"><img loading=\"lazy\" decoding=\"async\" class=\"aligncenter wp-image-5389\" src=\"http:\/\/sundalsryr.se\/wp-content\/uploads\/2022\/07\/DSC_0083-768x1024.jpg\" alt=\"\" width=\"566\" height=\"754\" srcset=\"http:\/\/sundalsryr.se\/wp-content\/uploads\/2022\/07\/DSC_0083-768x1024.jpg 768w, http:\/\/sundalsryr.se\/wp-content\/uploads\/2022\/07\/DSC_0083-225x300.jpg 225w, http:\/\/sundalsryr.se\/wp-content\/uploads\/2022\/07\/DSC_0083.jpg 1200w\" sizes=\"(max-width: 566px) 100vw, 566px\" \/><\/a><\/p>\n<p>N\u00e4r man var p\u00e5 v\u00e4g till servicedep\u00e5n efter 3e specialstr\u00e4ckan h\u00f6rdes ett missljud fr\u00e5n h\u00f6ger framhjul, f\u00f6rst trodde man det var en sten som fastnat, men det visade sig vara en bult till ett ok som lossnat. Man ringde till Bengt-\u00c5ke och Andreas och sa att de skulle vara beredda med stora bult-l\u00e5dan. Under de 20 minuter man har p\u00e5 sig i dep\u00e5n, fixade de en ny bult till oket, medan Fredrik och Per sl\u00e4ngde i sig en sm\u00f6rg\u00e5s. De sista tv\u00e5 str\u00e4ckorna kunde sedan genomf\u00f6ras och man kom i m\u00e5l som vinnare med inga v\u00e4rre skador, \u00e4n en krossad backspegel.<\/p>\n<p>Cupen best\u00e5r av 7 delt\u00e4vlingar och man m\u00e5ste vara med p\u00e5 minst tre. Fredrik och hans team planerar att k\u00f6ra i H\u00e4ssleholm den 20 augusti och i Danmark i november. Troligtvis missar han delt\u00e4vlingen i Norge den 17 september eftersom han d\u00e5 \u00e4r med och arrangerar Dals MK\u00b4s hemmat\u00e4vling \u201ddalslandstjuren\u201d.\u00a0 Men sj\u00e4lvklart h\u00e5ller vi tummarna f\u00f6r Fredrik i de t\u00e4vlingar han ska k\u00f6ra fram\u00f6ver och \u00f6nskar honom ett stort lycka till.<\/p>\n<p>\/Susanne Borss\u00e9n<\/p>\n<p>&nbsp;<\/p>\n<p>&nbsp;<\/p>\n<p>.<\/p>\n","protected":false},"excerpt":{"rendered":"<p>Att intresset f\u00f6r motorsport \u00e4r stort i Sundals ryr vet vi sedan l\u00e4nge, h\u00e4r finns flera som t\u00e4vlar b\u00e5de i rally och folkrace. N\u00e4r Dals MK bildades 1972 var Bengt-\u00c5ke Karlsson i K\u00e4rrebyn en av de drivande krafterna. Nu n\u00e4r klubben har 50 \u00e5rsjubileum \u00e4r det hans son Fredrik som s\u00e4tter Sundals ryr p\u00e5 rallykartan&#8230;.<\/p>\n","protected":false},"author":3,"featured_media":0,"comment_status":"open","ping_status":"open","sticky":false,"template":"","format":"standard","meta":{"_monsterinsights_skip_tracking":false,"_monsterinsights_sitenote_active":false,"_monsterinsights_sitenote_note":"","_monsterinsights_sitenote_category":0,"footnotes":""},"categories":[1],"tags":[],"class_list":["post-5386","post","type-post","status-publish","format-standard","hentry","category-aktuellt"],"_links":{"self":[{"href":"http:\/\/sundalsryr.se\/index.php?rest_route=\/wp\/v2\/posts\/5386"}],"collection":[{"href":"http:\/\/sundalsryr.se\/index.php?rest_route=\/wp\/v2\/posts"}],"about":[{"href":"http:\/\/sundalsryr.se\/index.php?rest_route=\/wp\/v2\/types\/post"}],"author":[{"embeddable":true,"href":"http:\/\/sundalsryr.se\/index.php?rest_route=\/wp\/v2\/users\/3"}],"replies":[{"embeddable":true,"href":"http:\/\/sundalsryr.se\/index.php?rest_route=%2Fwp%2Fv2%2Fcomments&post=5386"}],"version-history":[{"count":2,"href":"http:\/\/sundalsryr.se\/index.php?rest_route=\/wp\/v2\/posts\/5386\/revisions"}],"predecessor-version":[{"id":5391,"href":"http:\/\/sundalsryr.se\/index.php?rest_route=\/wp\/v2\/posts\/5386\/revisions\/5391"}],"wp:attachment":[{"href":"http:\/\/sundalsryr.se\/index.php?rest_route=%2Fwp%2Fv2%2Fmedia&parent=5386"}],"wp:term":[{"taxonomy":"category","embeddable":true,"href":"http:\/\/sundalsryr.se\/index.php?rest_route=%2Fwp%2Fv2%2Fcategories&post=5386"},{"taxonomy":"post_tag","embeddable":true,"href":"http:\/\/sundalsryr.se\/index.php?rest_route=%2Fwp%2Fv2%2Ftags&post=5386"}],"curies":[{"name":"wp","href":"https:\/\/api.w.org\/{rel}","templated":true}]}}