{"id":5444,"date":"2022-09-05T13:57:57","date_gmt":"2022-09-05T13:57:57","guid":{"rendered":"http:\/\/sundalsryr.se\/?p=5444"},"modified":"2022-09-05T13:57:57","modified_gmt":"2022-09-05T13:57:57","slug":"vilken-harlig-vandring-det-blev","status":"publish","type":"post","link":"http:\/\/sundalsryr.se\/?p=5444","title":{"rendered":"Vilken h\u00e4rlig vandring det blev!"},"content":{"rendered":"<p><a href=\"http:\/\/sundalsryr.se\/wp-content\/uploads\/2022\/09\/DSC_0225.jpg\"><img loading=\"lazy\" decoding=\"async\" class=\"aligncenter  wp-image-5447\" src=\"http:\/\/sundalsryr.se\/wp-content\/uploads\/2022\/09\/DSC_0225-1024x889.jpg\" alt=\"\" width=\"589\" height=\"511\" srcset=\"http:\/\/sundalsryr.se\/wp-content\/uploads\/2022\/09\/DSC_0225-1024x889.jpg 1024w, http:\/\/sundalsryr.se\/wp-content\/uploads\/2022\/09\/DSC_0225-300x260.jpg 300w, http:\/\/sundalsryr.se\/wp-content\/uploads\/2022\/09\/DSC_0225-768x667.jpg 768w, http:\/\/sundalsryr.se\/wp-content\/uploads\/2022\/09\/DSC_0225.jpg 1199w\" sizes=\"(max-width: 589px) 100vw, 589px\" \/><\/a><\/p>\n<p>Vi var inte s\u00e5 m\u00e5nga men det var verkligen trevligt och v\u00e4dret var perfekt. Fem m\u00e4nniskor och tv\u00e5 hundar hade h\u00f6rsammat inbjudan till vandring runt Bollungen. Solen sken och extratr\u00f6jan som var nerpackad i ryggs\u00e4cken var helt \u00f6verfl\u00f6dig.<\/p>\n<p>Fr\u00e5n parkeringen vid badplatsen gick vi motsols, p\u00e5 s\u00e5 s\u00e4tt fick vi solen i ansiktet f\u00f6rsta str\u00e4ckan. Det k\u00e4nns r\u00e4tt att ta vara p\u00e5 allt ljus vi kan den h\u00e4r tiden, f\u00f6r om n\u00e5gra m\u00e5nader har m\u00f6rkret glufsat i sig stora tuggor av dagsljuset och d\u00e5 m\u00e5ste pannlampan vara p\u00e5, f\u00f6r att man ska kunna se vart man g\u00e5r.<\/p>\n<p><a href=\"http:\/\/sundalsryr.se\/wp-content\/uploads\/2022\/09\/DSC_0230.jpg\"><img loading=\"lazy\" decoding=\"async\" class=\"aligncenter  wp-image-5446\" src=\"http:\/\/sundalsryr.se\/wp-content\/uploads\/2022\/09\/DSC_0230-768x1024.jpg\" alt=\"\" width=\"573\" height=\"764\" srcset=\"http:\/\/sundalsryr.se\/wp-content\/uploads\/2022\/09\/DSC_0230-768x1024.jpg 768w, http:\/\/sundalsryr.se\/wp-content\/uploads\/2022\/09\/DSC_0230-225x300.jpg 225w, http:\/\/sundalsryr.se\/wp-content\/uploads\/2022\/09\/DSC_0230.jpg 1200w\" sizes=\"(max-width: 573px) 100vw, 573px\" \/><\/a><\/p>\n<p>N\u00e4r man tittar \u00f6ver sj\u00f6n mot den \u00f6stra sidan \u00e4r det s\u00e5 fint med de \u00f6ppna markerna och det gr\u00f6na gr\u00e4set som g\u00e5r \u00e4nda ner mot stranden. Evenstorps betesdjur g\u00f6r ett fantastiskt bra jobb.<\/p>\n<p>V\u00e4gen runt sj\u00f6n \u00e4r g\u00e5v\u00e4nlig. Visst finns det n\u00e5gra rej\u00e4la backar, men det \u00e4r \u00e4nd\u00e5 mycket l\u00e4tt att g\u00e5. Strax efter att vi rundat Bollungens s\u00f6dra \u00e4nde stannade vi och fikade. S\u00e5 h\u00e4rligt det \u00e4r med kaffe i naturen och att vila benen en stund k\u00e4nns ocks\u00e5 bra.<\/p>\n<p><a href=\"http:\/\/sundalsryr.se\/wp-content\/uploads\/2022\/09\/DSC_0231.jpg\"><img loading=\"lazy\" decoding=\"async\" class=\"aligncenter  wp-image-5445\" src=\"http:\/\/sundalsryr.se\/wp-content\/uploads\/2022\/09\/DSC_0231-768x1024.jpg\" alt=\"\" width=\"580\" height=\"773\" srcset=\"http:\/\/sundalsryr.se\/wp-content\/uploads\/2022\/09\/DSC_0231-768x1024.jpg 768w, http:\/\/sundalsryr.se\/wp-content\/uploads\/2022\/09\/DSC_0231-225x300.jpg 225w, http:\/\/sundalsryr.se\/wp-content\/uploads\/2022\/09\/DSC_0231.jpg 1200w\" sizes=\"(max-width: 580px) 100vw, 580px\" \/><\/a><\/p>\n<p>Fr\u00e5n den \u00f6stra sidan av sj\u00f6n kan man se bergsbranterna p\u00e5 v\u00e4stsidan. Typiska Kroppefj\u00e4llsbranter med l\u00f6vtr\u00e4d nedanf\u00f6r. Det \u00e4r torrt i markerna, annars hade vi s\u00e4kert sett n\u00e5gra sm\u00e5 vattenfall rinna nerf\u00f6r berget.<\/p>\n<p>Drygt tv\u00e5 timmar efter att vi startade \u00e4r vi tillbaka vid bilarna igen. Vi har f\u00e5tt frisk luft, trevligt s\u00e4llskap och motion, allt p\u00e5 samma g\u00e5ng och det \u00e4r s\u00e4kert inte sista g\u00e5ngen vi g\u00e5r runt sj\u00f6n.<\/p>\n<p>&nbsp;<\/p>\n<p>\/Susanne Borss\u00e9n<\/p>\n","protected":false},"excerpt":{"rendered":"<p>Vi var inte s\u00e5 m\u00e5nga men det var verkligen trevligt och v\u00e4dret var perfekt. Fem m\u00e4nniskor och tv\u00e5 hundar hade h\u00f6rsammat inbjudan till vandring runt Bollungen. Solen sken och extratr\u00f6jan som var nerpackad i ryggs\u00e4cken var helt \u00f6verfl\u00f6dig. Fr\u00e5n parkeringen vid badplatsen gick vi motsols, p\u00e5 s\u00e5 s\u00e4tt fick vi solen i ansiktet f\u00f6rsta str\u00e4ckan&#8230;.<\/p>\n","protected":false},"author":3,"featured_media":0,"comment_status":"open","ping_status":"open","sticky":false,"template":"","format":"standard","meta":{"_monsterinsights_skip_tracking":false,"_monsterinsights_sitenote_active":false,"_monsterinsights_sitenote_note":"","_monsterinsights_sitenote_category":0,"footnotes":""},"categories":[1],"tags":[],"class_list":["post-5444","post","type-post","status-publish","format-standard","hentry","category-aktuellt"],"_links":{"self":[{"href":"http:\/\/sundalsryr.se\/index.php?rest_route=\/wp\/v2\/posts\/5444"}],"collection":[{"href":"http:\/\/sundalsryr.se\/index.php?rest_route=\/wp\/v2\/posts"}],"about":[{"href":"http:\/\/sundalsryr.se\/index.php?rest_route=\/wp\/v2\/types\/post"}],"author":[{"embeddable":true,"href":"http:\/\/sundalsryr.se\/index.php?rest_route=\/wp\/v2\/users\/3"}],"replies":[{"embeddable":true,"href":"http:\/\/sundalsryr.se\/index.php?rest_route=%2Fwp%2Fv2%2Fcomments&post=5444"}],"version-history":[{"count":1,"href":"http:\/\/sundalsryr.se\/index.php?rest_route=\/wp\/v2\/posts\/5444\/revisions"}],"predecessor-version":[{"id":5448,"href":"http:\/\/sundalsryr.se\/index.php?rest_route=\/wp\/v2\/posts\/5444\/revisions\/5448"}],"wp:attachment":[{"href":"http:\/\/sundalsryr.se\/index.php?rest_route=%2Fwp%2Fv2%2Fmedia&parent=5444"}],"wp:term":[{"taxonomy":"category","embeddable":true,"href":"http:\/\/sundalsryr.se\/index.php?rest_route=%2Fwp%2Fv2%2Fcategories&post=5444"},{"taxonomy":"post_tag","embeddable":true,"href":"http:\/\/sundalsryr.se\/index.php?rest_route=%2Fwp%2Fv2%2Ftags&post=5444"}],"curies":[{"name":"wp","href":"https:\/\/api.w.org\/{rel}","templated":true}]}}