{"id":5475,"date":"2022-10-10T16:39:26","date_gmt":"2022-10-10T16:39:26","guid":{"rendered":"http:\/\/sundalsryr.se\/?p=5475"},"modified":"2022-10-10T16:43:28","modified_gmt":"2022-10-10T16:43:28","slug":"berattarkvall-i-sundalsgarden","status":"publish","type":"post","link":"http:\/\/sundalsryr.se\/?p=5475","title":{"rendered":"Ber\u00e4ttarkv\u00e4ll i Sundalsg\u00e5rden"},"content":{"rendered":"<p><a href=\"http:\/\/sundalsryr.se\/wp-content\/uploads\/2022\/10\/Deceken_Rast.jpg\"><img loading=\"lazy\" decoding=\"async\" class=\"aligncenter  wp-image-5478\" src=\"http:\/\/sundalsryr.se\/wp-content\/uploads\/2022\/10\/Deceken_Rast.jpg\" alt=\"\" width=\"730\" height=\"455\" srcset=\"http:\/\/sundalsryr.se\/wp-content\/uploads\/2022\/10\/Deceken_Rast.jpg 903w, http:\/\/sundalsryr.se\/wp-content\/uploads\/2022\/10\/Deceken_Rast-300x187.jpg 300w, http:\/\/sundalsryr.se\/wp-content\/uploads\/2022\/10\/Deceken_Rast-768x479.jpg 768w\" sizes=\"(max-width: 730px) 100vw, 730px\" \/><\/a><\/p>\n<p>H\u00f6stkv\u00e4llarna blir l\u00e4ngre och m\u00f6rkare. Vi kurar skymning, myser inomhus och t\u00e4nder levande ljus. Men varf\u00f6r sitta ensam, n\u00e4r vi kan tr\u00e4ffas och ha det trivsamt tillsammans.<\/p>\n<p>Torsdag den 3 nov kl 18,30 tr\u00e4ffas vi och lyssnar p\u00e5 en riktigt bra ber\u00e4ttare. Historikern och f\u00f6rfattaren Peter Johansson fr\u00e5n V\u00e4nersborg kommer ber\u00e4tta om de zoologer, uppt\u00e4ckare och handelsm\u00e4n som under 1800-talet reste till s\u00f6dra Afrika. Det serveras soppa med br\u00f6d och valfri dryck. Pris 250 kr f\u00f6r mat och intr\u00e4de.<\/p>\n<p>Vi sl\u00e4pper in max 50 personer. Anm\u00e4l g\u00e4rna innan s\u00e5 du \u00e4r s\u00e4ker p\u00e5 att f\u00e5 plats.<\/p>\n<p>Anm\u00e4l till Susanne Borss\u00e9n 076-8533576 p\u00e5 sms eller telefon, det g\u00e5r \u00e4ven att h\u00f6ra av sig till n\u00e5gon annan i styrelsen.<\/p>\n<p>Vi lovar att det kommer bli en intressant kv\u00e4ll.<\/p>\n<p>Alla \u00e4r varmt v\u00e4lkomna !<\/p>\n<p>&nbsp;<\/p>\n<p>.<\/p>\n","protected":false},"excerpt":{"rendered":"<p>H\u00f6stkv\u00e4llarna blir l\u00e4ngre och m\u00f6rkare. Vi kurar skymning, myser inomhus och t\u00e4nder levande ljus. Men varf\u00f6r sitta ensam, n\u00e4r vi kan tr\u00e4ffas och ha det trivsamt tillsammans. Torsdag den 3 nov kl 18,30 tr\u00e4ffas vi och lyssnar p\u00e5 en riktigt bra ber\u00e4ttare. Historikern och f\u00f6rfattaren Peter Johansson fr\u00e5n V\u00e4nersborg kommer ber\u00e4tta om de zoologer, uppt\u00e4ckare&#8230;<\/p>\n","protected":false},"author":3,"featured_media":0,"comment_status":"open","ping_status":"open","sticky":false,"template":"","format":"standard","meta":{"_monsterinsights_skip_tracking":false,"_monsterinsights_sitenote_active":false,"_monsterinsights_sitenote_note":"","_monsterinsights_sitenote_category":0,"footnotes":""},"categories":[1],"tags":[],"class_list":["post-5475","post","type-post","status-publish","format-standard","hentry","category-aktuellt"],"_links":{"self":[{"href":"http:\/\/sundalsryr.se\/index.php?rest_route=\/wp\/v2\/posts\/5475"}],"collection":[{"href":"http:\/\/sundalsryr.se\/index.php?rest_route=\/wp\/v2\/posts"}],"about":[{"href":"http:\/\/sundalsryr.se\/index.php?rest_route=\/wp\/v2\/types\/post"}],"author":[{"embeddable":true,"href":"http:\/\/sundalsryr.se\/index.php?rest_route=\/wp\/v2\/users\/3"}],"replies":[{"embeddable":true,"href":"http:\/\/sundalsryr.se\/index.php?rest_route=%2Fwp%2Fv2%2Fcomments&post=5475"}],"version-history":[{"count":3,"href":"http:\/\/sundalsryr.se\/index.php?rest_route=\/wp\/v2\/posts\/5475\/revisions"}],"predecessor-version":[{"id":5479,"href":"http:\/\/sundalsryr.se\/index.php?rest_route=\/wp\/v2\/posts\/5475\/revisions\/5479"}],"wp:attachment":[{"href":"http:\/\/sundalsryr.se\/index.php?rest_route=%2Fwp%2Fv2%2Fmedia&parent=5475"}],"wp:term":[{"taxonomy":"category","embeddable":true,"href":"http:\/\/sundalsryr.se\/index.php?rest_route=%2Fwp%2Fv2%2Fcategories&post=5475"},{"taxonomy":"post_tag","embeddable":true,"href":"http:\/\/sundalsryr.se\/index.php?rest_route=%2Fwp%2Fv2%2Ftags&post=5475"}],"curies":[{"name":"wp","href":"https:\/\/api.w.org\/{rel}","templated":true}]}}