{"id":5616,"date":"2023-03-19T20:45:37","date_gmt":"2023-03-19T20:45:37","guid":{"rendered":"http:\/\/sundalsryr.se\/?p=5616"},"modified":"2023-03-19T20:49:02","modified_gmt":"2023-03-19T20:49:02","slug":"arets-arsmote","status":"publish","type":"post","link":"http:\/\/sundalsryr.se\/?p=5616","title":{"rendered":"\u00c5rets \u00e5rsm\u00f6te"},"content":{"rendered":"\n<p>\u00c5rsm\u00f6tet inleddes med att Anna Johansson ber\u00e4ttade om Nuntorp g\u00e5rd, som hon \u00e4ger tillsammans med sin man Rickard. Framf\u00f6r allt presenterade hon projekten kring lokal mat, bistron och skafferiet. Det h\u00e4nder mycket sp\u00e4nnande i provk\u00f6ket och de har nya sp\u00e4nnande samarbeten p\u00e5 g\u00e5ng. Man bes\u00f6ker tex stork\u00f6k f\u00f6r att visa hur man tillagar och inspirera till att anv\u00e4nda nya r\u00e5varor n\u00e4r man lagar mat. B\u00f6nor och linser vet ju de flesta vad det \u00e4r, men hur f\u00e5r man det att smaka s\u00e5 gott s\u00e5 att b\u00e5de unga och gamla tycker om dem. En f\u00f6r m\u00e5nga ny r\u00e5vara som Anna tror p\u00e5 inf\u00f6r framtiden \u00e4r sj\u00f6pung, en animalisk vara fr\u00e5n havet med djup umamismak som r\u00e4tt tillagad kan anv\u00e4ndas som exempelvis f\u00e4rs.<\/p>\n\n\n\n<figure class=\"wp-block-image size-full is-resized\"><a href=\"http:\/\/sundalsryr.se\/wp-content\/uploads\/2023\/03\/3853130785621430302.jpg\"><img loading=\"lazy\" decoding=\"async\" src=\"http:\/\/sundalsryr.se\/wp-content\/uploads\/2023\/03\/3853130785621430302.jpg\" alt=\"\" class=\"wp-image-5618\" width=\"556\" height=\"741\" srcset=\"http:\/\/sundalsryr.se\/wp-content\/uploads\/2023\/03\/3853130785621430302.jpg 768w, http:\/\/sundalsryr.se\/wp-content\/uploads\/2023\/03\/3853130785621430302-225x300.jpg 225w\" sizes=\"(max-width: 556px) 100vw, 556px\" \/><\/a><\/figure>\n\n\n\n<p>En stor f\u00f6rdel med skafferiet p\u00e5 Nuntorp \u00e4r att det finns m\u00f6jlighet att handla lokalt och n\u00e4rproducerat utan att beh\u00f6va \u00e5ka runt till flera olika g\u00e5rdsbutiker. Just nu h\u00e5ller man p\u00e5 att samla information om de olika leverant\u00f6rerna, f\u00f6r att vara p\u00e5l\u00e4st n\u00e4r kunderna vill veta var och hur n\u00e5got \u00e4r odlat eller uppf\u00f6tt.<\/p>\n\n\n\n<p>Som sig b\u00f6r bj\u00f6ds det sedan p\u00e5 fika och d\u00e4refter blev det \u00e5rsm\u00f6tesf\u00f6rhandlingar.<\/p>\n\n\n\n<p>Susanne Broberg valdes till ordf\u00f6rande f\u00f6r m\u00f6tet. Thomas, Nicklas, Christel och Conny har ett \u00e5r kvar. Klara, Ulrika och Susanne valdes om p\u00e5 tv\u00e5 nya \u00e5r. Styrelsen \u00e4r allts\u00e5 det kommande \u00e5ret of\u00f6r\u00e4ndrad. Revisorerna Kent Nilsson och Susanne Broberg valdes om. Valberedningen med Roger Johansson, Anders Broberg och Jan Borss\u00e9n sitter kvar. I styrgruppen f\u00f6r aktivitetslederna finns sedan tidigare Roger Johansson, Bo Elofsson, Kristina Johansson och Susanne Broberg, de fick nu f\u00f6rst\u00e4rkning av Joachim V\u00e4tterhanmn och David Geets.<\/p>\n\n\n\n<figure class=\"wp-block-image size-full is-resized\"><a href=\"http:\/\/sundalsryr.se\/wp-content\/uploads\/2023\/03\/2555386450719944553.jpg\"><img loading=\"lazy\" decoding=\"async\" src=\"http:\/\/sundalsryr.se\/wp-content\/uploads\/2023\/03\/2555386450719944553.jpg\" alt=\"\" class=\"wp-image-5620\" width=\"535\" height=\"401\" srcset=\"http:\/\/sundalsryr.se\/wp-content\/uploads\/2023\/03\/2555386450719944553.jpg 1024w, http:\/\/sundalsryr.se\/wp-content\/uploads\/2023\/03\/2555386450719944553-300x225.jpg 300w, http:\/\/sundalsryr.se\/wp-content\/uploads\/2023\/03\/2555386450719944553-768x576.jpg 768w\" sizes=\"(max-width: 535px) 100vw, 535px\" \/><\/a><\/figure>\n\n\n\n<p>Under 2022 har byalaget haft en m\u00e4ngd aktiviteter som luncher, pubkv\u00e4llar, vinprovning, fotovisning, ber\u00e4ttarkv\u00e4ll, ljusst\u00f6pning, adventpyssel, lerduveskjutning, vandringar, valdebatt mm. 144 hush\u00e5ll var medlemmar, byalaget har satt upp ett boksk\u00e5p och blev medlem i ABF.<\/p>\n\n\n\n<p>Det beslutades att medlemsavgiften ska vara of\u00f6r\u00e4ndrad, samt att \u00a78 i stadgarna ska \u00e4ndras. D\u00e4r har det tidigare st\u00e5tt att \u00e5rsm\u00f6tet ska annonseras p\u00e5 anslagstavlorna, nu \u00e4r det \u00e4ndrat till byabladet, hemsidan och sociala medier.<\/p>\n\n\n\n<p>Byalagets kassa har under \u00e5ret minskat med ca 13&nbsp;000 kr. Under pandemin betalade medlemmarna troget sin avgift trots att vi inte kunde ha n\u00e5gra aktiviteter, detta har gjort att tillg\u00e5ngarna n\u00e4rmade sig n\u00e4stan 100&nbsp;000 kr. Ingen blir lycklig av att byalaget har en massa pengar p\u00e5 ett konto och vi har d\u00e4rf\u00f6r valt att h\u00e5lla nere kostnaderna p\u00e5 v\u00e5ra aktiviteter s\u00e5 mycket som m\u00f6jligt. Vi hoppas p\u00e5 s\u00e5 s\u00e4tt att ekonomin inte ska vara ett hinder att vara med p\u00e5 det man \u00f6nskar.<\/p>\n\n\n\n<p>I slutet av m\u00f6tet efterlyste vi \u00e5terigen medlemmarnas \u00f6nskem\u00e5l om vad<strong> ni<\/strong> vill att byalaget ska ordna. Har ni n\u00e5got f\u00f6rslag \u00e4r ni varmt v\u00e4lkomna att kontakta n\u00e5gon i styrelsen.<\/p>\n\n\n\n<p>.<\/p>\n","protected":false},"excerpt":{"rendered":"<p>\u00c5rsm\u00f6tet inleddes med att Anna Johansson ber\u00e4ttade om Nuntorp g\u00e5rd, som hon \u00e4ger tillsammans med sin man Rickard. Framf\u00f6r allt presenterade hon projekten kring lokal mat, bistron och skafferiet. Det h\u00e4nder mycket sp\u00e4nnande i provk\u00f6ket och de har nya sp\u00e4nnande samarbeten p\u00e5 g\u00e5ng. Man bes\u00f6ker tex stork\u00f6k f\u00f6r att visa hur man tillagar och inspirera&#8230;<\/p>\n","protected":false},"author":3,"featured_media":0,"comment_status":"open","ping_status":"open","sticky":false,"template":"","format":"standard","meta":{"_monsterinsights_skip_tracking":false,"_monsterinsights_sitenote_active":false,"_monsterinsights_sitenote_note":"","_monsterinsights_sitenote_category":0,"footnotes":""},"categories":[1,18],"tags":[],"class_list":["post-5616","post","type-post","status-publish","format-standard","hentry","category-aktuellt","category-arsmoten"],"_links":{"self":[{"href":"http:\/\/sundalsryr.se\/index.php?rest_route=\/wp\/v2\/posts\/5616"}],"collection":[{"href":"http:\/\/sundalsryr.se\/index.php?rest_route=\/wp\/v2\/posts"}],"about":[{"href":"http:\/\/sundalsryr.se\/index.php?rest_route=\/wp\/v2\/types\/post"}],"author":[{"embeddable":true,"href":"http:\/\/sundalsryr.se\/index.php?rest_route=\/wp\/v2\/users\/3"}],"replies":[{"embeddable":true,"href":"http:\/\/sundalsryr.se\/index.php?rest_route=%2Fwp%2Fv2%2Fcomments&post=5616"}],"version-history":[{"count":2,"href":"http:\/\/sundalsryr.se\/index.php?rest_route=\/wp\/v2\/posts\/5616\/revisions"}],"predecessor-version":[{"id":5621,"href":"http:\/\/sundalsryr.se\/index.php?rest_route=\/wp\/v2\/posts\/5616\/revisions\/5621"}],"wp:attachment":[{"href":"http:\/\/sundalsryr.se\/index.php?rest_route=%2Fwp%2Fv2%2Fmedia&parent=5616"}],"wp:term":[{"taxonomy":"category","embeddable":true,"href":"http:\/\/sundalsryr.se\/index.php?rest_route=%2Fwp%2Fv2%2Fcategories&post=5616"},{"taxonomy":"post_tag","embeddable":true,"href":"http:\/\/sundalsryr.se\/index.php?rest_route=%2Fwp%2Fv2%2Ftags&post=5616"}],"curies":[{"name":"wp","href":"https:\/\/api.w.org\/{rel}","templated":true}]}}