{"id":5635,"date":"2023-04-12T16:17:27","date_gmt":"2023-04-12T16:17:27","guid":{"rendered":"http:\/\/sundalsryr.se\/?p=5635"},"modified":"2023-04-12T16:17:28","modified_gmt":"2023-04-12T16:17:28","slug":"underhall-av-lederna","status":"publish","type":"post","link":"http:\/\/sundalsryr.se\/?p=5635","title":{"rendered":"Underh\u00e5ll av lederna"},"content":{"rendered":"\n<figure class=\"wp-block-image size-large is-resized\"><a href=\"http:\/\/sundalsryr.se\/wp-content\/uploads\/2018\/08\/IMG_0723.jpg\"><img loading=\"lazy\" decoding=\"async\" src=\"http:\/\/sundalsryr.se\/wp-content\/uploads\/2018\/08\/IMG_0723-1024x768.jpg\" alt=\"\" class=\"wp-image-4362\" width=\"520\" height=\"390\" srcset=\"http:\/\/sundalsryr.se\/wp-content\/uploads\/2018\/08\/IMG_0723-1024x768.jpg 1024w, http:\/\/sundalsryr.se\/wp-content\/uploads\/2018\/08\/IMG_0723-300x225.jpg 300w, http:\/\/sundalsryr.se\/wp-content\/uploads\/2018\/08\/IMG_0723-768x576.jpg 768w, http:\/\/sundalsryr.se\/wp-content\/uploads\/2018\/08\/IMG_0723.jpg 1632w\" sizes=\"(max-width: 520px) 100vw, 520px\" \/><\/a><\/figure>\n\n\n\n<p><\/p>\n\n\n\n<p>Nu \u00e4r det dags att hj\u00e4lpas \u00e5t att r\u00f6ja p\u00e5 v\u00e5ra leder i bygden s\u00e5 att vi kan njuta av fina vandringar och cykelturer i skogarna under v\u00e5ren, sommaren och h\u00f6sten. Vi samlas m\u00e5ndag 17 april 18,00 p\u00e5 Smedstorpet, Evenstorp (hos Kristina och Stefan Johansson ) f\u00f6r att dela upp oss p\u00e5 de olika lederna. Det finns arbete f\u00f6r alla, dra ris, skotta grus, r\u00f6ja ljung, bygga sp\u00e5ngar mm. Om du har r\u00f6js\u00e5g eller motors\u00e5g ta g\u00e4rna med. Vid fr\u00e5gor kontakta Kristina Johansson 0707-312360<\/p>\n\n\n\n<p><\/p>\n\n\n\n<p>\/Susanne Broberg<\/p>\n\n\n\n<p><\/p>\n\n\n\n<p>.<\/p>\n","protected":false},"excerpt":{"rendered":"<p>Nu \u00e4r det dags att hj\u00e4lpas \u00e5t att r\u00f6ja p\u00e5 v\u00e5ra leder i bygden s\u00e5 att vi kan njuta av fina vandringar och cykelturer i skogarna under v\u00e5ren, sommaren och h\u00f6sten. Vi samlas m\u00e5ndag 17 april 18,00 p\u00e5 Smedstorpet, Evenstorp (hos Kristina och Stefan Johansson ) f\u00f6r att dela upp oss p\u00e5 de olika lederna&#8230;.<\/p>\n","protected":false},"author":3,"featured_media":0,"comment_status":"open","ping_status":"open","sticky":false,"template":"","format":"standard","meta":{"_monsterinsights_skip_tracking":false,"_monsterinsights_sitenote_active":false,"_monsterinsights_sitenote_note":"","_monsterinsights_sitenote_category":0,"footnotes":""},"categories":[1],"tags":[],"class_list":["post-5635","post","type-post","status-publish","format-standard","hentry","category-aktuellt"],"_links":{"self":[{"href":"http:\/\/sundalsryr.se\/index.php?rest_route=\/wp\/v2\/posts\/5635"}],"collection":[{"href":"http:\/\/sundalsryr.se\/index.php?rest_route=\/wp\/v2\/posts"}],"about":[{"href":"http:\/\/sundalsryr.se\/index.php?rest_route=\/wp\/v2\/types\/post"}],"author":[{"embeddable":true,"href":"http:\/\/sundalsryr.se\/index.php?rest_route=\/wp\/v2\/users\/3"}],"replies":[{"embeddable":true,"href":"http:\/\/sundalsryr.se\/index.php?rest_route=%2Fwp%2Fv2%2Fcomments&post=5635"}],"version-history":[{"count":1,"href":"http:\/\/sundalsryr.se\/index.php?rest_route=\/wp\/v2\/posts\/5635\/revisions"}],"predecessor-version":[{"id":5636,"href":"http:\/\/sundalsryr.se\/index.php?rest_route=\/wp\/v2\/posts\/5635\/revisions\/5636"}],"wp:attachment":[{"href":"http:\/\/sundalsryr.se\/index.php?rest_route=%2Fwp%2Fv2%2Fmedia&parent=5635"}],"wp:term":[{"taxonomy":"category","embeddable":true,"href":"http:\/\/sundalsryr.se\/index.php?rest_route=%2Fwp%2Fv2%2Fcategories&post=5635"},{"taxonomy":"post_tag","embeddable":true,"href":"http:\/\/sundalsryr.se\/index.php?rest_route=%2Fwp%2Fv2%2Ftags&post=5635"}],"curies":[{"name":"wp","href":"https:\/\/api.w.org\/{rel}","templated":true}]}}