{"id":5643,"date":"2023-04-25T17:41:08","date_gmt":"2023-04-25T17:41:08","guid":{"rendered":"http:\/\/sundalsryr.se\/?p=5643"},"modified":"2023-04-25T17:41:08","modified_gmt":"2023-04-25T17:41:08","slug":"luncherna","status":"publish","type":"post","link":"http:\/\/sundalsryr.se\/?p=5643","title":{"rendered":"Luncherna"},"content":{"rendered":"\n<p>Torsdagsluncherna \u00e4r n\u00e5got som fortfarande engagerar<\/p>\n\n\n\n<p>H\u00f6sten 2011 serverad byalaget den f\u00f6rsta torsdagslunchen. F\u00f6rsta g\u00e5ngen hade vi ost och skinkpaj med gr\u00f6nsallad, till kaffet var det hallonkaka. Sista torsdagen i Mars \u00e5r 2023 bj\u00f6ds det p\u00e5 r\u00f6kt lax, kokt potatis, kall s\u00e5s och gr\u00f6n sallad. Lustigt nog var det hallonkaka till kaffet, precis som f\u00f6r 13 \u00e5r sedan.<\/p>\n\n\n\n<figure class=\"wp-block-image size-large\"><a href=\"http:\/\/sundalsryr.se\/wp-content\/uploads\/2023\/04\/DSC_0599-scaled.jpg\"><img loading=\"lazy\" decoding=\"async\" width=\"1024\" height=\"768\" src=\"http:\/\/sundalsryr.se\/wp-content\/uploads\/2023\/04\/DSC_0599-1024x768.jpg\" alt=\"\" class=\"wp-image-5644\" srcset=\"http:\/\/sundalsryr.se\/wp-content\/uploads\/2023\/04\/DSC_0599-1024x768.jpg 1024w, http:\/\/sundalsryr.se\/wp-content\/uploads\/2023\/04\/DSC_0599-300x225.jpg 300w, http:\/\/sundalsryr.se\/wp-content\/uploads\/2023\/04\/DSC_0599-768x576.jpg 768w, http:\/\/sundalsryr.se\/wp-content\/uploads\/2023\/04\/DSC_0599-1536x1152.jpg 1536w, http:\/\/sundalsryr.se\/wp-content\/uploads\/2023\/04\/DSC_0599-2048x1536.jpg 2048w\" sizes=\"(max-width: 1024px) 100vw, 1024px\" \/><\/a><\/figure>\n\n\n\n<p>Det har varit ett par uppeh\u00e5ll genom \u00e5ren. Ibland har det varit sv\u00e5rt att f\u00e5 n\u00e5gon att st\u00e4lla upp och laga mat och en period var det pandemin som satte k\u00e4ppar i hjulet f\u00f6r v\u00e5ra trevliga luncher. Men i stort sett har vi h\u00e5llit p\u00e5 i alla \u00e5r. Vid sista tillf\u00e4llet nu i v\u00e5r hade vi 50 bes\u00f6kare, dessutom k\u00f6pte 6 st med en matl\u00e5da hem.<\/p>\n\n\n\n<figure class=\"wp-block-image size-large\"><a href=\"http:\/\/sundalsryr.se\/wp-content\/uploads\/2023\/04\/DSC_05942-scaled.jpg\"><img loading=\"lazy\" decoding=\"async\" width=\"935\" height=\"1024\" src=\"http:\/\/sundalsryr.se\/wp-content\/uploads\/2023\/04\/DSC_05942-935x1024.jpg\" alt=\"\" class=\"wp-image-5645\" srcset=\"http:\/\/sundalsryr.se\/wp-content\/uploads\/2023\/04\/DSC_05942-935x1024.jpg 935w, http:\/\/sundalsryr.se\/wp-content\/uploads\/2023\/04\/DSC_05942-274x300.jpg 274w, http:\/\/sundalsryr.se\/wp-content\/uploads\/2023\/04\/DSC_05942-768x841.jpg 768w, http:\/\/sundalsryr.se\/wp-content\/uploads\/2023\/04\/DSC_05942-1403x1536.jpg 1403w, http:\/\/sundalsryr.se\/wp-content\/uploads\/2023\/04\/DSC_05942-1870x2048.jpg 1870w\" sizes=\"(max-width: 935px) 100vw, 935px\" \/><\/a><\/figure>\n\n\n\n<p>V\u00e5r id\u00e9 \u00e4r att servera god rej\u00e4l mat som man blir m\u00e4tt av och den ska vara gjord p\u00e5 svenska r\u00e5varor, s\u00e5 l\u00e5ngt det \u00e4r m\u00f6jligt. \u00c5r efter \u00e5r har det alltid kommit m\u00e5nga g\u00e4ster och det \u00e4r vi s\u00e5 tacksamma f\u00f6r. Ni trogna bes\u00f6kare som visar er uppskattning och kikar i k\u00f6ket, tackar f\u00f6r maten och s\u00e4ger att det var gott, ni \u00e4r guld v\u00e4rda och g\u00f6r att vi f\u00e5r energi till \u00e4nnu en torsdag.<\/p>\n\n\n\n<p>M\u00e5nga har fr\u00e5gat om luncherna g\u00e5r ihop sig ekonomiskt. Svaret \u00e4r Ja det g\u00f6r de, om man ser det lite p\u00e5 sikt. N\u00e5gon g\u00e5ng kommer det m\u00e5nga och det blir pengar \u00f6ver, n\u00e4sta g\u00e5ng \u00e4r r\u00e5varorna dyra och d\u00e5 f\u00e5r vi ta av f\u00f6reg\u00e5ende \u00f6verskott. N\u00e5gon g\u00e5ng har vi f\u00e5tt mat till sk\u00e4nks som tex n\u00e4r jaktlaget sk\u00e4nkte \u00e4lgk\u00f6tt, d\u00e5 g\u00e5r det naturligtvis bra ekonomiskt.<\/p>\n\n\n\n<p>Tack till alla som kom och \u00e5t tillsammans och bidrog till trevlig st\u00e4mning och till er som hj\u00e4lpt till p\u00e5 ett eller annat s\u00e4tt. Till h\u00f6sten ses vi f\u00f6rhoppningsvis igen.<\/p>\n\n\n\n<p>Till dess \u00f6nskar vi alla en fin sommar.<\/p>\n\n\n\n<p>.<\/p>\n","protected":false},"excerpt":{"rendered":"<p>Torsdagsluncherna \u00e4r n\u00e5got som fortfarande engagerar H\u00f6sten 2011 serverad byalaget den f\u00f6rsta torsdagslunchen. F\u00f6rsta g\u00e5ngen hade vi ost och skinkpaj med gr\u00f6nsallad, till kaffet var det hallonkaka. Sista torsdagen i Mars \u00e5r 2023 bj\u00f6ds det p\u00e5 r\u00f6kt lax, kokt potatis, kall s\u00e5s och gr\u00f6n sallad. Lustigt nog var det hallonkaka till kaffet, precis som f\u00f6r&#8230;<\/p>\n","protected":false},"author":3,"featured_media":0,"comment_status":"open","ping_status":"open","sticky":false,"template":"","format":"standard","meta":{"_monsterinsights_skip_tracking":false,"_monsterinsights_sitenote_active":false,"_monsterinsights_sitenote_note":"","_monsterinsights_sitenote_category":0,"footnotes":""},"categories":[1],"tags":[],"class_list":["post-5643","post","type-post","status-publish","format-standard","hentry","category-aktuellt"],"_links":{"self":[{"href":"http:\/\/sundalsryr.se\/index.php?rest_route=\/wp\/v2\/posts\/5643"}],"collection":[{"href":"http:\/\/sundalsryr.se\/index.php?rest_route=\/wp\/v2\/posts"}],"about":[{"href":"http:\/\/sundalsryr.se\/index.php?rest_route=\/wp\/v2\/types\/post"}],"author":[{"embeddable":true,"href":"http:\/\/sundalsryr.se\/index.php?rest_route=\/wp\/v2\/users\/3"}],"replies":[{"embeddable":true,"href":"http:\/\/sundalsryr.se\/index.php?rest_route=%2Fwp%2Fv2%2Fcomments&post=5643"}],"version-history":[{"count":1,"href":"http:\/\/sundalsryr.se\/index.php?rest_route=\/wp\/v2\/posts\/5643\/revisions"}],"predecessor-version":[{"id":5646,"href":"http:\/\/sundalsryr.se\/index.php?rest_route=\/wp\/v2\/posts\/5643\/revisions\/5646"}],"wp:attachment":[{"href":"http:\/\/sundalsryr.se\/index.php?rest_route=%2Fwp%2Fv2%2Fmedia&parent=5643"}],"wp:term":[{"taxonomy":"category","embeddable":true,"href":"http:\/\/sundalsryr.se\/index.php?rest_route=%2Fwp%2Fv2%2Fcategories&post=5643"},{"taxonomy":"post_tag","embeddable":true,"href":"http:\/\/sundalsryr.se\/index.php?rest_route=%2Fwp%2Fv2%2Ftags&post=5643"}],"curies":[{"name":"wp","href":"https:\/\/api.w.org\/{rel}","templated":true}]}}