{"id":5664,"date":"2023-06-05T15:38:08","date_gmt":"2023-06-05T15:38:08","guid":{"rendered":"http:\/\/sundalsryr.se\/?p=5664"},"modified":"2023-06-05T15:38:08","modified_gmt":"2023-06-05T15:38:08","slug":"guidad-vandring-2","status":"publish","type":"post","link":"http:\/\/sundalsryr.se\/?p=5664","title":{"rendered":"Guidad vandring"},"content":{"rendered":"\n<p>V\u00e5rens vandring blev en mycket trevlig tur till kyrkesten. Vi var ett 10-tal som f\u00f6ljde med naturguiden Lars Nejstgaard p\u00e5 denna l\u00e4rorika tur. Redan p\u00e5 parkeringen fick vi var sitt str\u00e5 av gr\u00e4set v\u00e5rbrodd som han bad oss att tugga p\u00e5 och sedan lukta p\u00e5. Alla hade k\u00e4nt lukten f\u00f6rut och till sist kom vi p\u00e5 vad det var, det luktade nyb\u00e4rgat h\u00f6 och lite kanel. Mycket riktigt inneh\u00e5ller v\u00e5rbrodd \u00e4mnet kumarin som finns i kanel och som ger h\u00f6 dess h\u00e4rliga doft.\u00a0 P\u00e5 v\u00e4g mot kyrkesten ber\u00e4ttade Lars mycket intressant och precis lagom ing\u00e5ende om lavar och mossor, om att granar d\u00f6r fr\u00e5n botten och tallar fr\u00e5n toppen, om lummer som n\u00e4r de blommar bildar ett pulver, detta pulver samlade man f\u00f6rr i tiden f\u00f6r s\u00e4lja till apotekare. Pulvret rullade man piller i f\u00f6r att de inte skulle klibba ihop.<\/p>\n\n\n<div class=\"wp-block-image\">\n<figure class=\"aligncenter size-large is-resized\"><a href=\"http:\/\/sundalsryr.se\/wp-content\/uploads\/2023\/06\/DSC_0729-scaled.jpg\"><img loading=\"lazy\" decoding=\"async\" src=\"http:\/\/sundalsryr.se\/wp-content\/uploads\/2023\/06\/DSC_0729-768x1024.jpg\" alt=\"\" class=\"wp-image-5665\" width=\"452\" height=\"602\" srcset=\"http:\/\/sundalsryr.se\/wp-content\/uploads\/2023\/06\/DSC_0729-768x1024.jpg 768w, http:\/\/sundalsryr.se\/wp-content\/uploads\/2023\/06\/DSC_0729-225x300.jpg 225w, http:\/\/sundalsryr.se\/wp-content\/uploads\/2023\/06\/DSC_0729-1152x1536.jpg 1152w, http:\/\/sundalsryr.se\/wp-content\/uploads\/2023\/06\/DSC_0729-1536x2048.jpg 1536w, http:\/\/sundalsryr.se\/wp-content\/uploads\/2023\/06\/DSC_0729-scaled.jpg 1920w\" sizes=\"(max-width: 452px) 100vw, 452px\" \/><\/a><\/figure><\/div>\n\n\n<p>Just n\u00e4r vi skulle vika av fr\u00e5n v\u00e4gen och ge oss ut i terr\u00e4ngen mot den stora stenen hejdade Lars oss. Var och en fick en bit h\u00e5rt br\u00f6d och vi blev ombedda att blunda och t\u00e4nka oss tillbaka till n\u00f6d\u00e5ret 1867. Samtidigt som vi \u00e5t v\u00e5r br\u00f6dbit, bakad p\u00e5 tuschlav och bark, beskrev Lars hur det var under n\u00f6d\u00e5ren p\u00e5 1800-talet. Kontrasterna mellan deras armod och dagens vandring m\u00e5ste vara milsvid..<\/p>\n\n\n\n<p>V\u00e4dret var s\u00e5 bra som man kan t\u00e4nka sig och vi hade en h\u00e4rlig fikastund vid den stora kyrkestenen. Efter fikat gick vi f\u00f6r att se var torpet d\u00e4r \u201dSoffi p\u00e5 kyrkesten\u201d en g\u00e5ng bott. Henne kan man l\u00e4sa mer om under fliken \u201ddet var en g\u00e5ng\u201d h\u00e4r p\u00e5 hemsidan.<\/p>\n\n\n\n<div class=\"wp-block-media-text alignwide is-stacked-on-mobile\" style=\"grid-template-columns:71% auto\"><figure class=\"wp-block-media-text__media\"><img loading=\"lazy\" decoding=\"async\" width=\"1024\" height=\"768\" src=\"http:\/\/sundalsryr.se\/wp-content\/uploads\/2023\/06\/DSC_0734-1024x768.jpg\" alt=\"\" class=\"wp-image-5666 size-full\" srcset=\"http:\/\/sundalsryr.se\/wp-content\/uploads\/2023\/06\/DSC_0734-1024x768.jpg 1024w, http:\/\/sundalsryr.se\/wp-content\/uploads\/2023\/06\/DSC_0734-300x225.jpg 300w, http:\/\/sundalsryr.se\/wp-content\/uploads\/2023\/06\/DSC_0734-768x576.jpg 768w, http:\/\/sundalsryr.se\/wp-content\/uploads\/2023\/06\/DSC_0734-1536x1152.jpg 1536w, http:\/\/sundalsryr.se\/wp-content\/uploads\/2023\/06\/DSC_0734-2048x1536.jpg 2048w\" sizes=\"(max-width: 1024px) 100vw, 1024px\" \/><\/figure><div class=\"wp-block-media-text__content\">\n<p><\/p>\n<\/div><\/div>\n\n\n\n<p>Man kan sammanfatta dagens vandring som en h\u00e4rlig mix av natur och kultur p\u00e5 v\u00e5rt \u00e4lskade fj\u00e4ll.<\/p>\n\n\n\n<p><\/p>\n\n\n\n<p>.<\/p>\n\n\n\n<p><\/p>\n","protected":false},"excerpt":{"rendered":"<p>V\u00e5rens vandring blev en mycket trevlig tur till kyrkesten. Vi var ett 10-tal som f\u00f6ljde med naturguiden Lars Nejstgaard p\u00e5 denna l\u00e4rorika tur. Redan p\u00e5 parkeringen fick vi var sitt str\u00e5 av gr\u00e4set v\u00e5rbrodd som han bad oss att tugga p\u00e5 och sedan lukta p\u00e5. Alla hade k\u00e4nt lukten f\u00f6rut och till sist kom vi&#8230;<\/p>\n","protected":false},"author":3,"featured_media":0,"comment_status":"open","ping_status":"open","sticky":false,"template":"","format":"standard","meta":{"_monsterinsights_skip_tracking":false,"_monsterinsights_sitenote_active":false,"_monsterinsights_sitenote_note":"","_monsterinsights_sitenote_category":0,"footnotes":""},"categories":[1],"tags":[],"class_list":["post-5664","post","type-post","status-publish","format-standard","hentry","category-aktuellt"],"_links":{"self":[{"href":"http:\/\/sundalsryr.se\/index.php?rest_route=\/wp\/v2\/posts\/5664"}],"collection":[{"href":"http:\/\/sundalsryr.se\/index.php?rest_route=\/wp\/v2\/posts"}],"about":[{"href":"http:\/\/sundalsryr.se\/index.php?rest_route=\/wp\/v2\/types\/post"}],"author":[{"embeddable":true,"href":"http:\/\/sundalsryr.se\/index.php?rest_route=\/wp\/v2\/users\/3"}],"replies":[{"embeddable":true,"href":"http:\/\/sundalsryr.se\/index.php?rest_route=%2Fwp%2Fv2%2Fcomments&post=5664"}],"version-history":[{"count":1,"href":"http:\/\/sundalsryr.se\/index.php?rest_route=\/wp\/v2\/posts\/5664\/revisions"}],"predecessor-version":[{"id":5667,"href":"http:\/\/sundalsryr.se\/index.php?rest_route=\/wp\/v2\/posts\/5664\/revisions\/5667"}],"wp:attachment":[{"href":"http:\/\/sundalsryr.se\/index.php?rest_route=%2Fwp%2Fv2%2Fmedia&parent=5664"}],"wp:term":[{"taxonomy":"category","embeddable":true,"href":"http:\/\/sundalsryr.se\/index.php?rest_route=%2Fwp%2Fv2%2Fcategories&post=5664"},{"taxonomy":"post_tag","embeddable":true,"href":"http:\/\/sundalsryr.se\/index.php?rest_route=%2Fwp%2Fv2%2Ftags&post=5664"}],"curies":[{"name":"wp","href":"https:\/\/api.w.org\/{rel}","templated":true}]}}