{"id":5690,"date":"2023-06-13T17:50:25","date_gmt":"2023-06-13T17:50:25","guid":{"rendered":"http:\/\/sundalsryr.se\/?p=5690"},"modified":"2023-06-13T17:50:26","modified_gmt":"2023-06-13T17:50:26","slug":"byalaget-pa-instagram","status":"publish","type":"post","link":"http:\/\/sundalsryr.se\/?p=5690","title":{"rendered":"Byalaget p\u00e5 Instagram"},"content":{"rendered":"\n<figure class=\"wp-block-image size-large is-resized\"><a href=\"http:\/\/sundalsryr.se\/wp-content\/uploads\/2023\/06\/image_6483441-scaled.jpg\"><img loading=\"lazy\" decoding=\"async\" src=\"http:\/\/sundalsryr.se\/wp-content\/uploads\/2023\/06\/image_6483441-983x1024.jpg\" alt=\"\" class=\"wp-image-5691\" width=\"562\" height=\"585\" srcset=\"http:\/\/sundalsryr.se\/wp-content\/uploads\/2023\/06\/image_6483441-983x1024.jpg 983w, http:\/\/sundalsryr.se\/wp-content\/uploads\/2023\/06\/image_6483441-288x300.jpg 288w, http:\/\/sundalsryr.se\/wp-content\/uploads\/2023\/06\/image_6483441-768x800.jpg 768w, http:\/\/sundalsryr.se\/wp-content\/uploads\/2023\/06\/image_6483441-1474x1536.jpg 1474w, http:\/\/sundalsryr.se\/wp-content\/uploads\/2023\/06\/image_6483441-1965x2048.jpg 1965w, http:\/\/sundalsryr.se\/wp-content\/uploads\/2023\/06\/image_6483441-300x313.jpg 300w, http:\/\/sundalsryr.se\/wp-content\/uploads\/2023\/06\/image_6483441-850x886.jpg 850w\" sizes=\"(max-width: 562px) 100vw, 562px\" \/><\/a><\/figure>\n\n\n\n<p>Byalaget finns nu p\u00e5 instagram.<\/p>\n\n\n\n<p>S\u00f6k bara p\u00e5 sundalsryr s\u00e5 hittar du oss.<\/p>\n\n\n\n<p>Klicka p\u00e5 \u201df\u00f6lj\u201d s\u00e5 f\u00e5r du info om vad som \u00e4r p\u00e5 g\u00e5ng i bygden.<\/p>\n\n\n\n<p>Med det s\u00e5 \u00f6nskar vi i byalaget er en riktigt fin sommar !<\/p>\n\n\n\n<p><\/p>\n\n\n\n<p>.<\/p>\n","protected":false},"excerpt":{"rendered":"<p>Byalaget finns nu p\u00e5 instagram. S\u00f6k bara p\u00e5 sundalsryr s\u00e5 hittar du oss. Klicka p\u00e5 \u201df\u00f6lj\u201d s\u00e5 f\u00e5r du info om vad som \u00e4r p\u00e5 g\u00e5ng i bygden. Med det s\u00e5 \u00f6nskar vi i byalaget er en riktigt fin sommar ! .<\/p>\n","protected":false},"author":3,"featured_media":0,"comment_status":"open","ping_status":"open","sticky":false,"template":"","format":"standard","meta":{"_monsterinsights_skip_tracking":false,"_monsterinsights_sitenote_active":false,"_monsterinsights_sitenote_note":"","_monsterinsights_sitenote_category":0,"footnotes":""},"categories":[1],"tags":[],"class_list":["post-5690","post","type-post","status-publish","format-standard","hentry","category-aktuellt"],"_links":{"self":[{"href":"http:\/\/sundalsryr.se\/index.php?rest_route=\/wp\/v2\/posts\/5690"}],"collection":[{"href":"http:\/\/sundalsryr.se\/index.php?rest_route=\/wp\/v2\/posts"}],"about":[{"href":"http:\/\/sundalsryr.se\/index.php?rest_route=\/wp\/v2\/types\/post"}],"author":[{"embeddable":true,"href":"http:\/\/sundalsryr.se\/index.php?rest_route=\/wp\/v2\/users\/3"}],"replies":[{"embeddable":true,"href":"http:\/\/sundalsryr.se\/index.php?rest_route=%2Fwp%2Fv2%2Fcomments&post=5690"}],"version-history":[{"count":1,"href":"http:\/\/sundalsryr.se\/index.php?rest_route=\/wp\/v2\/posts\/5690\/revisions"}],"predecessor-version":[{"id":5692,"href":"http:\/\/sundalsryr.se\/index.php?rest_route=\/wp\/v2\/posts\/5690\/revisions\/5692"}],"wp:attachment":[{"href":"http:\/\/sundalsryr.se\/index.php?rest_route=%2Fwp%2Fv2%2Fmedia&parent=5690"}],"wp:term":[{"taxonomy":"category","embeddable":true,"href":"http:\/\/sundalsryr.se\/index.php?rest_route=%2Fwp%2Fv2%2Fcategories&post=5690"},{"taxonomy":"post_tag","embeddable":true,"href":"http:\/\/sundalsryr.se\/index.php?rest_route=%2Fwp%2Fv2%2Ftags&post=5690"}],"curies":[{"name":"wp","href":"https:\/\/api.w.org\/{rel}","templated":true}]}}