{"id":5745,"date":"2023-07-18T14:29:55","date_gmt":"2023-07-18T14:29:55","guid":{"rendered":"http:\/\/sundalsryr.se\/?p=5745"},"modified":"2023-07-18T14:31:31","modified_gmt":"2023-07-18T14:31:31","slug":"hosten-2023","status":"publish","type":"post","link":"http:\/\/sundalsryr.se\/?p=5745","title":{"rendered":"H\u00f6sten 2023"},"content":{"rendered":"\n<p>Nu \u00e4r h\u00f6stens byablad utdelade. Om just du inte f\u00e5tt n\u00e5got i din l\u00e5da f\u00e5r du g\u00e4rna h\u00f6ra av dig till n\u00e5gon i styrelsen s\u00e5 fixar vi ett. De finns ocks\u00e5 att l\u00e4sa under fliken &#8221;p\u00e5 g\u00e5ng i bygden&#8221; p\u00e5 hemsidan. <\/p>\n\n\n\n<p>Det k\u00e4nns lite tidigt att t\u00e4nka p\u00e5 h\u00f6sten redan nu, men vi har n\u00e5gra tidiga aktiviteter som ni inte vill missa. <\/p>\n\n\n\n<figure class=\"wp-block-image size-large\"><a href=\"http:\/\/sundalsryr.se\/wp-content\/uploads\/2023\/07\/DSC_0876-scaled.jpg\"><img loading=\"lazy\" decoding=\"async\" width=\"768\" height=\"1024\" src=\"http:\/\/sundalsryr.se\/wp-content\/uploads\/2023\/07\/DSC_0876-768x1024.jpg\" alt=\"\" class=\"wp-image-5746\" srcset=\"http:\/\/sundalsryr.se\/wp-content\/uploads\/2023\/07\/DSC_0876-768x1024.jpg 768w, http:\/\/sundalsryr.se\/wp-content\/uploads\/2023\/07\/DSC_0876-225x300.jpg 225w, http:\/\/sundalsryr.se\/wp-content\/uploads\/2023\/07\/DSC_0876-1152x1536.jpg 1152w, http:\/\/sundalsryr.se\/wp-content\/uploads\/2023\/07\/DSC_0876-1536x2048.jpg 1536w, http:\/\/sundalsryr.se\/wp-content\/uploads\/2023\/07\/DSC_0876-300x400.jpg 300w, http:\/\/sundalsryr.se\/wp-content\/uploads\/2023\/07\/DSC_0876-850x1133.jpg 850w, http:\/\/sundalsryr.se\/wp-content\/uploads\/2023\/07\/DSC_0876-scaled.jpg 1920w\" sizes=\"(max-width: 768px) 100vw, 768px\" \/><\/a><\/figure>\n\n\n\n<p><\/p>\n","protected":false},"excerpt":{"rendered":"<p>Nu \u00e4r h\u00f6stens byablad utdelade. Om just du inte f\u00e5tt n\u00e5got i din l\u00e5da f\u00e5r du g\u00e4rna h\u00f6ra av dig till n\u00e5gon i styrelsen s\u00e5 fixar vi ett. De finns ocks\u00e5 att l\u00e4sa under fliken &#8221;p\u00e5 g\u00e5ng i bygden&#8221; p\u00e5 hemsidan. Det k\u00e4nns lite tidigt att t\u00e4nka p\u00e5 h\u00f6sten redan nu, men vi har n\u00e5gra&#8230;<\/p>\n","protected":false},"author":3,"featured_media":0,"comment_status":"open","ping_status":"open","sticky":false,"template":"","format":"standard","meta":{"_monsterinsights_skip_tracking":false,"_monsterinsights_sitenote_active":false,"_monsterinsights_sitenote_note":"","_monsterinsights_sitenote_category":0,"footnotes":""},"categories":[1],"tags":[],"class_list":["post-5745","post","type-post","status-publish","format-standard","hentry","category-aktuellt"],"_links":{"self":[{"href":"http:\/\/sundalsryr.se\/index.php?rest_route=\/wp\/v2\/posts\/5745"}],"collection":[{"href":"http:\/\/sundalsryr.se\/index.php?rest_route=\/wp\/v2\/posts"}],"about":[{"href":"http:\/\/sundalsryr.se\/index.php?rest_route=\/wp\/v2\/types\/post"}],"author":[{"embeddable":true,"href":"http:\/\/sundalsryr.se\/index.php?rest_route=\/wp\/v2\/users\/3"}],"replies":[{"embeddable":true,"href":"http:\/\/sundalsryr.se\/index.php?rest_route=%2Fwp%2Fv2%2Fcomments&post=5745"}],"version-history":[{"count":2,"href":"http:\/\/sundalsryr.se\/index.php?rest_route=\/wp\/v2\/posts\/5745\/revisions"}],"predecessor-version":[{"id":5748,"href":"http:\/\/sundalsryr.se\/index.php?rest_route=\/wp\/v2\/posts\/5745\/revisions\/5748"}],"wp:attachment":[{"href":"http:\/\/sundalsryr.se\/index.php?rest_route=%2Fwp%2Fv2%2Fmedia&parent=5745"}],"wp:term":[{"taxonomy":"category","embeddable":true,"href":"http:\/\/sundalsryr.se\/index.php?rest_route=%2Fwp%2Fv2%2Fcategories&post=5745"},{"taxonomy":"post_tag","embeddable":true,"href":"http:\/\/sundalsryr.se\/index.php?rest_route=%2Fwp%2Fv2%2Ftags&post=5745"}],"curies":[{"name":"wp","href":"https:\/\/api.w.org\/{rel}","templated":true}]}}