{"id":5824,"date":"2023-09-25T16:48:46","date_gmt":"2023-09-25T16:48:46","guid":{"rendered":"http:\/\/sundalsryr.se\/?p=5824"},"modified":"2023-09-25T16:48:47","modified_gmt":"2023-09-25T16:48:47","slug":"nu-ska-vi-ut-och-vandra","status":"publish","type":"post","link":"http:\/\/sundalsryr.se\/?p=5824","title":{"rendered":"Nu ska vi ut och vandra !"},"content":{"rendered":"<div class=\"wp-block-image\">\n<figure class=\"aligncenter size-large is-resized\"><a href=\"http:\/\/sundalsryr.se\/wp-content\/uploads\/2023\/09\/DSC_0260-scaled.jpg\"><img loading=\"lazy\" decoding=\"async\" src=\"http:\/\/sundalsryr.se\/wp-content\/uploads\/2023\/09\/DSC_0260-576x1024.jpg\" alt=\"\" class=\"wp-image-5825\" width=\"368\" height=\"655\" srcset=\"http:\/\/sundalsryr.se\/wp-content\/uploads\/2023\/09\/DSC_0260-576x1024.jpg 576w, http:\/\/sundalsryr.se\/wp-content\/uploads\/2023\/09\/DSC_0260-169x300.jpg 169w, http:\/\/sundalsryr.se\/wp-content\/uploads\/2023\/09\/DSC_0260-768x1365.jpg 768w, http:\/\/sundalsryr.se\/wp-content\/uploads\/2023\/09\/DSC_0260-864x1536.jpg 864w, http:\/\/sundalsryr.se\/wp-content\/uploads\/2023\/09\/DSC_0260-1152x2048.jpg 1152w, http:\/\/sundalsryr.se\/wp-content\/uploads\/2023\/09\/DSC_0260-300x533.jpg 300w, http:\/\/sundalsryr.se\/wp-content\/uploads\/2023\/09\/DSC_0260-850x1511.jpg 850w, http:\/\/sundalsryr.se\/wp-content\/uploads\/2023\/09\/DSC_0260-scaled.jpg 1440w\" sizes=\"(max-width: 368px) 100vw, 368px\" \/><\/a><\/figure><\/div>\n\n\n<p>En av de \u00e5terkommande aktiviteterna som byalaget ordnar \u00e4r v\u00e5ra vandringar, som \u00e5terkommer varje v\u00e5r och h\u00f6st. Denna g\u00e5ng ska vi vandra i Paradiset. Nu p\u00e5 s\u00f6ndag den 1 oktober samlas vi kl 11 ovanf\u00f6r den l\u00e5nga backen i Paradiset. (Vill du ha en mer utf\u00f6rlig v\u00e4gbeskrivning s\u00e5 h\u00f6r av dig till susanne 076-8533576)<\/p>\n\n\n<div class=\"wp-block-image\">\n<figure class=\"aligncenter size-large is-resized\"><a href=\"http:\/\/sundalsryr.se\/wp-content\/uploads\/2021\/06\/DSC_0328.jpg\"><img loading=\"lazy\" decoding=\"async\" src=\"http:\/\/sundalsryr.se\/wp-content\/uploads\/2021\/06\/DSC_0328-1024x768.jpg\" alt=\"\" class=\"wp-image-5068\" width=\"453\" height=\"340\" srcset=\"http:\/\/sundalsryr.se\/wp-content\/uploads\/2021\/06\/DSC_0328-1024x768.jpg 1024w, http:\/\/sundalsryr.se\/wp-content\/uploads\/2021\/06\/DSC_0328-300x225.jpg 300w, http:\/\/sundalsryr.se\/wp-content\/uploads\/2021\/06\/DSC_0328-768x576.jpg 768w\" sizes=\"(max-width: 453px) 100vw, 453px\" \/><\/a><\/figure><\/div>\n\n\n<p>Roger Johansson guidar oss och vi planerar att \u00e4ta v\u00e5r medhavda fika i rastk\u00e5tan som sattes upp f\u00f6r ett par \u00e5r sedan.<\/p>\n\n\n\n<p>Vi h\u00e4lsar alla varmt v\u00e4lkomna !<\/p>\n\n\n\n<p><\/p>\n\n\n\n<p>.<\/p>\n\n\n\n<p><\/p>\n","protected":false},"excerpt":{"rendered":"<p>En av de \u00e5terkommande aktiviteterna som byalaget ordnar \u00e4r v\u00e5ra vandringar, som \u00e5terkommer varje v\u00e5r och h\u00f6st. Denna g\u00e5ng ska vi vandra i Paradiset. Nu p\u00e5 s\u00f6ndag den 1 oktober samlas vi kl 11 ovanf\u00f6r den l\u00e5nga backen i Paradiset. (Vill du ha en mer utf\u00f6rlig v\u00e4gbeskrivning s\u00e5 h\u00f6r av dig till susanne 076-8533576) Roger&#8230;<\/p>\n","protected":false},"author":3,"featured_media":0,"comment_status":"open","ping_status":"open","sticky":false,"template":"","format":"standard","meta":{"_monsterinsights_skip_tracking":false,"_monsterinsights_sitenote_active":false,"_monsterinsights_sitenote_note":"","_monsterinsights_sitenote_category":0,"footnotes":""},"categories":[1],"tags":[],"class_list":["post-5824","post","type-post","status-publish","format-standard","hentry","category-aktuellt"],"_links":{"self":[{"href":"http:\/\/sundalsryr.se\/index.php?rest_route=\/wp\/v2\/posts\/5824"}],"collection":[{"href":"http:\/\/sundalsryr.se\/index.php?rest_route=\/wp\/v2\/posts"}],"about":[{"href":"http:\/\/sundalsryr.se\/index.php?rest_route=\/wp\/v2\/types\/post"}],"author":[{"embeddable":true,"href":"http:\/\/sundalsryr.se\/index.php?rest_route=\/wp\/v2\/users\/3"}],"replies":[{"embeddable":true,"href":"http:\/\/sundalsryr.se\/index.php?rest_route=%2Fwp%2Fv2%2Fcomments&post=5824"}],"version-history":[{"count":1,"href":"http:\/\/sundalsryr.se\/index.php?rest_route=\/wp\/v2\/posts\/5824\/revisions"}],"predecessor-version":[{"id":5826,"href":"http:\/\/sundalsryr.se\/index.php?rest_route=\/wp\/v2\/posts\/5824\/revisions\/5826"}],"wp:attachment":[{"href":"http:\/\/sundalsryr.se\/index.php?rest_route=%2Fwp%2Fv2%2Fmedia&parent=5824"}],"wp:term":[{"taxonomy":"category","embeddable":true,"href":"http:\/\/sundalsryr.se\/index.php?rest_route=%2Fwp%2Fv2%2Fcategories&post=5824"},{"taxonomy":"post_tag","embeddable":true,"href":"http:\/\/sundalsryr.se\/index.php?rest_route=%2Fwp%2Fv2%2Ftags&post=5824"}],"curies":[{"name":"wp","href":"https:\/\/api.w.org\/{rel}","templated":true}]}}