{"id":612,"date":"2011-09-05T20:03:52","date_gmt":"2011-09-05T20:03:52","guid":{"rendered":"http:\/\/sundalsryr.se\/?p=612"},"modified":"2011-09-05T20:03:52","modified_gmt":"2011-09-05T20:03:52","slug":"gudstjanst-pa-granan","status":"publish","type":"post","link":"http:\/\/sundalsryr.se\/?p=612","title":{"rendered":"Gudstj\u00e4nst p\u00e5 Granan"},"content":{"rendered":"<p>S\u00f6ndag den 21 augusti var det friluftsgudstj\u00e4nst vid skidstugan p\u00e5 Granan. Det var drygt 80 unga och gamla som nj\u00f6t av regnuppeh\u00e5llet. P\u00e4r-\u00c5ke och \u00c5sa Henriksson bj\u00f6d p\u00e5 igenk\u00e4nnande musik och m\u00e5nga sj\u00f6ng med.\u00a0 Efter gudstj\u00e4nsten bj\u00f6d LRF p\u00e5 grillad korv med br\u00f6d. Denna eftermiddag p\u00e5 Granan \u00e4r resultatet av samarbete mellan byalaget, kyrkan och LRF som har blivit en v\u00e4lbes\u00f6kt tradition.<\/p>\n<p><a href=\"http:\/\/sundalsryr.se\/wp-content\/uploads\/2011\/09\/328.jpg\"><img loading=\"lazy\" decoding=\"async\" class=\"alignleft size-medium wp-image-613\" title=\"S\u00e5ng och musik\" src=\"http:\/\/sundalsryr.se\/wp-content\/uploads\/2011\/09\/328-300x225.jpg\" alt=\"\" width=\"300\" height=\"225\" srcset=\"http:\/\/sundalsryr.se\/wp-content\/uploads\/2011\/09\/328-300x225.jpg 300w, http:\/\/sundalsryr.se\/wp-content\/uploads\/2011\/09\/328-1024x768.jpg 1024w\" sizes=\"(max-width: 300px) 100vw, 300px\" \/><\/a><a href=\"http:\/\/sundalsryr.se\/wp-content\/uploads\/2011\/09\/322.jpg\"><img loading=\"lazy\" decoding=\"async\" class=\"alignleft size-medium wp-image-614\" title=\"drygt 80 personer p\u00e5 Granan\" src=\"http:\/\/sundalsryr.se\/wp-content\/uploads\/2011\/09\/322-300x225.jpg\" alt=\"\" width=\"300\" height=\"225\" srcset=\"http:\/\/sundalsryr.se\/wp-content\/uploads\/2011\/09\/322-300x225.jpg 300w, http:\/\/sundalsryr.se\/wp-content\/uploads\/2011\/09\/322-1024x768.jpg 1024w\" sizes=\"(max-width: 300px) 100vw, 300px\" \/><\/a><a href=\"http:\/\/sundalsryr.se\/wp-content\/uploads\/2011\/09\/336.jpg\"><img loading=\"lazy\" decoding=\"async\" class=\"alignleft size-medium wp-image-615\" title=\"Grillm\u00e4star\u00b4n\" src=\"http:\/\/sundalsryr.se\/wp-content\/uploads\/2011\/09\/336-300x225.jpg\" alt=\"\" width=\"300\" height=\"225\" srcset=\"http:\/\/sundalsryr.se\/wp-content\/uploads\/2011\/09\/336-300x225.jpg 300w, http:\/\/sundalsryr.se\/wp-content\/uploads\/2011\/09\/336-1024x768.jpg 1024w\" sizes=\"(max-width: 300px) 100vw, 300px\" \/><\/a><\/p>\n","protected":false},"excerpt":{"rendered":"<p>S\u00f6ndag den 21 augusti var det friluftsgudstj\u00e4nst vid skidstugan p\u00e5 Granan. Det var drygt 80 unga och gamla som nj\u00f6t av regnuppeh\u00e5llet. P\u00e4r-\u00c5ke och \u00c5sa Henriksson bj\u00f6d p\u00e5 igenk\u00e4nnande musik och m\u00e5nga sj\u00f6ng med.\u00a0 Efter gudstj\u00e4nsten bj\u00f6d LRF p\u00e5 grillad korv med br\u00f6d. Denna eftermiddag p\u00e5 Granan \u00e4r resultatet av samarbete mellan byalaget, kyrkan och&#8230;<\/p>\n","protected":false},"author":2,"featured_media":0,"comment_status":"open","ping_status":"open","sticky":false,"template":"","format":"standard","meta":{"_monsterinsights_skip_tracking":false,"_monsterinsights_sitenote_active":false,"_monsterinsights_sitenote_note":"","_monsterinsights_sitenote_category":0,"footnotes":""},"categories":[1],"tags":[],"class_list":["post-612","post","type-post","status-publish","format-standard","hentry","category-aktuellt"],"_links":{"self":[{"href":"http:\/\/sundalsryr.se\/index.php?rest_route=\/wp\/v2\/posts\/612"}],"collection":[{"href":"http:\/\/sundalsryr.se\/index.php?rest_route=\/wp\/v2\/posts"}],"about":[{"href":"http:\/\/sundalsryr.se\/index.php?rest_route=\/wp\/v2\/types\/post"}],"author":[{"embeddable":true,"href":"http:\/\/sundalsryr.se\/index.php?rest_route=\/wp\/v2\/users\/2"}],"replies":[{"embeddable":true,"href":"http:\/\/sundalsryr.se\/index.php?rest_route=%2Fwp%2Fv2%2Fcomments&post=612"}],"version-history":[{"count":2,"href":"http:\/\/sundalsryr.se\/index.php?rest_route=\/wp\/v2\/posts\/612\/revisions"}],"predecessor-version":[{"id":617,"href":"http:\/\/sundalsryr.se\/index.php?rest_route=\/wp\/v2\/posts\/612\/revisions\/617"}],"wp:attachment":[{"href":"http:\/\/sundalsryr.se\/index.php?rest_route=%2Fwp%2Fv2%2Fmedia&parent=612"}],"wp:term":[{"taxonomy":"category","embeddable":true,"href":"http:\/\/sundalsryr.se\/index.php?rest_route=%2Fwp%2Fv2%2Fcategories&post=612"},{"taxonomy":"post_tag","embeddable":true,"href":"http:\/\/sundalsryr.se\/index.php?rest_route=%2Fwp%2Fv2%2Ftags&post=612"}],"curies":[{"name":"wp","href":"https:\/\/api.w.org\/{rel}","templated":true}]}}