{"id":6160,"date":"2025-10-12T14:04:33","date_gmt":"2025-10-12T14:04:33","guid":{"rendered":"https:\/\/sundalsryr.se\/?p=6160"},"modified":"2025-10-12T14:04:33","modified_gmt":"2025-10-12T14:04:33","slug":"hostens-luncher","status":"publish","type":"post","link":"http:\/\/sundalsryr.se\/?p=6160","title":{"rendered":"H\u00f6stens luncher"},"content":{"rendered":"\n<p>Byalagets luncher har varit mycket omtyckta \u00e4nda sedan f\u00f6rsta g\u00e5ngen i september 2011. Det har varit den programpunkten som dragit mest bes\u00f6kare genom alla \u00e5r. Under pandemin fick vi st\u00e4lla in under en period, men annars har vi h\u00e5llit ig\u00e5ng och ni trogna g\u00e4ster har fortsatt att komma, vilket vi \u00e4r mycket tacksamma f\u00f6r.<\/p>\n\n\n\n<p>I h\u00f6st serveras det lunch tv\u00e5 g\u00e5nger. Den sista torsdagen i oktober och sista torsdagen i november, precis som de senaste \u00e5ren. Maten st\u00e5r framdukad mellan klockan 12-13 precis som vanligt och vill man komma p\u00e5 kyrkans \u201dtid f\u00f6r eftertanke\u201d s\u00e5 b\u00f6rjar den kl 11,30.<\/p>\n\n\n\n<p>Vi i matlagningsg\u00e4nget har nu haft v\u00e5r h\u00f6stplanering och kommit fram till att den <strong>30 oktober <\/strong>serveras det <strong>pannbiff med l\u00f6k<\/strong>, s\u00e5s, potatis, r\u00e5r\u00f6rda lingon och andra goda tillbeh\u00f6r. Till kaffet blir det \u00e4pplemuffins. Det kostar som vanligt 120 kr.<\/p>\n\n\n\n<p>Den <strong>27 november<\/strong> dukar vi fram v\u00e5r omtyckta <strong>jullunch<\/strong>. Till detta tillf\u00e4lle m\u00e5ste man anm\u00e4la sig f\u00f6r att vara s\u00e4ker p\u00e5 att f\u00e5 en plats. Det h\u00f6ga matpriserna har gjort att vi m\u00e5ste h\u00f6ja priset p\u00e5 jullunchen till 150 kr. (tryckfelsnisse har skrivit 120 kr i byabladet, men det \u00e4r fel) F\u00f6r anm\u00e4lan kan man ringa eller sms\u00e1 till Susanne 076-8533576 eller skriva upp sig p\u00e5 listan som ligger i hallen under oktoberlunchen.<\/p>\n\n\n\n<p>Den senaste tiden har det blivit mer och mer popul\u00e4rt att k\u00f6pa med sig en portion eller tv\u00e5. Det f\u00e5r man sj\u00e4lvklart g\u00f6ra, s\u00e5 l\u00e4nge det finns mat f\u00f6r de som kommer till lunchen. Men ta g\u00e4rna med egen matl\u00e5da eller en form att l\u00e4gga maten i.<\/p>\n\n\n\n<p>Om man bor i Sundals ryr och vill ha skjuts till lunchen s\u00e5 kan man h\u00f6ra av sig till Susanne s\u00e5 ordnar vi s\u00e5 att n\u00e5gon h\u00e4mtar och k\u00f6r hem.&nbsp; Vi vill ju att s\u00e5 m\u00e5nga som m\u00f6jligt kommer och tr\u00e4ffas och \u00e4ter tillsammans. Vi l\u00e5ter inte bagateller som d\u00e5ligt v\u00e4glag eller andra sv\u00e5righeter s\u00e4tta stopp f\u00f6r att v\u00e5ra k\u00e4ra g\u00e4ster kan komma till v\u00e5ra trevliga luncher.<\/p>\n\n\n\n<p>Vi ses den 30 oktober !<\/p>\n\n\n\n<p>H\u00e4lsningar matlagningsg\u00e4nget.<\/p>\n\n\n\n<p>\/Marianne, Margareta, Siv och Susanne<\/p>\n","protected":false},"excerpt":{"rendered":"<p>Byalagets luncher har varit mycket omtyckta \u00e4nda sedan f\u00f6rsta g\u00e5ngen i september 2011. Det har varit den programpunkten som dragit mest bes\u00f6kare genom alla \u00e5r. Under pandemin fick vi st\u00e4lla in under en period, men annars har vi h\u00e5llit ig\u00e5ng och ni trogna g\u00e4ster har fortsatt att komma, vilket vi \u00e4r mycket tacksamma f\u00f6r. I&#8230;<\/p>\n","protected":false},"author":3,"featured_media":0,"comment_status":"open","ping_status":"open","sticky":false,"template":"","format":"standard","meta":{"_monsterinsights_skip_tracking":false,"_monsterinsights_sitenote_active":false,"_monsterinsights_sitenote_note":"","_monsterinsights_sitenote_category":0,"footnotes":""},"categories":[1],"tags":[],"class_list":["post-6160","post","type-post","status-publish","format-standard","hentry","category-aktuellt"],"_links":{"self":[{"href":"http:\/\/sundalsryr.se\/index.php?rest_route=\/wp\/v2\/posts\/6160"}],"collection":[{"href":"http:\/\/sundalsryr.se\/index.php?rest_route=\/wp\/v2\/posts"}],"about":[{"href":"http:\/\/sundalsryr.se\/index.php?rest_route=\/wp\/v2\/types\/post"}],"author":[{"embeddable":true,"href":"http:\/\/sundalsryr.se\/index.php?rest_route=\/wp\/v2\/users\/3"}],"replies":[{"embeddable":true,"href":"http:\/\/sundalsryr.se\/index.php?rest_route=%2Fwp%2Fv2%2Fcomments&post=6160"}],"version-history":[{"count":1,"href":"http:\/\/sundalsryr.se\/index.php?rest_route=\/wp\/v2\/posts\/6160\/revisions"}],"predecessor-version":[{"id":6161,"href":"http:\/\/sundalsryr.se\/index.php?rest_route=\/wp\/v2\/posts\/6160\/revisions\/6161"}],"wp:attachment":[{"href":"http:\/\/sundalsryr.se\/index.php?rest_route=%2Fwp%2Fv2%2Fmedia&parent=6160"}],"wp:term":[{"taxonomy":"category","embeddable":true,"href":"http:\/\/sundalsryr.se\/index.php?rest_route=%2Fwp%2Fv2%2Fcategories&post=6160"},{"taxonomy":"post_tag","embeddable":true,"href":"http:\/\/sundalsryr.se\/index.php?rest_route=%2Fwp%2Fv2%2Ftags&post=6160"}],"curies":[{"name":"wp","href":"https:\/\/api.w.org\/{rel}","templated":true}]}}