{"id":781,"date":"2012-02-01T21:09:49","date_gmt":"2012-02-01T21:09:49","guid":{"rendered":"http:\/\/sundalsryr.se\/?p=781"},"modified":"2012-02-01T21:09:49","modified_gmt":"2012-02-01T21:09:49","slug":"skridskoakning-2","status":"publish","type":"post","link":"http:\/\/sundalsryr.se\/?p=781","title":{"rendered":"Skridsko\u00e5kning"},"content":{"rendered":"<p><a href=\"http:\/\/sundalsryr.se\/wp-content\/uploads\/2012\/02\/P1090340.jpg\"><img loading=\"lazy\" decoding=\"async\" class=\"alignleft size-medium wp-image-780\" title=\"Skridsko\u00e5kning p\u00e5 Bollungen\" src=\"http:\/\/sundalsryr.se\/wp-content\/uploads\/2012\/02\/P1090340-300x225.jpg\" alt=\"\" width=\"300\" height=\"225\" srcset=\"http:\/\/sundalsryr.se\/wp-content\/uploads\/2012\/02\/P1090340-300x225.jpg 300w, http:\/\/sundalsryr.se\/wp-content\/uploads\/2012\/02\/P1090340-1024x768.jpg 1024w\" sizes=\"(max-width: 300px) 100vw, 300px\" \/><\/a><\/p>\n<p>I s\u00f6ndags var det ett g\u00e4ng som var ute och \u00e5kte p\u00e5 isen p\u00e5 Bollungen (vid badplatsen) Det var en ljuvlig eftermiddag med b\u00e5de l\u00e5ngf\u00e4rdsskridskor, sparkar, hockeymatch, skidor representerade p\u00e5 isen. Ordf\u00f6rande i byalaget var mycket tr\u00f6tt efter matchen! P\u00e5 <strong>s\u00f6ndag den 5 februari<\/strong> ses vi igen p\u00e5 isen kl. 14.00 vid badplatsen f\u00f6r dem som \u00e4r sugna p\u00e5 hockeymatch eller bara \u00e5ka eller g\u00e5 p\u00e5 sj\u00f6n.<\/p>\n<p><a href=\"http:\/\/sundalsryr.se\/wp-content\/uploads\/2012\/02\/P1090342.jpg\"><img loading=\"lazy\" decoding=\"async\" class=\"alignleft size-medium wp-image-782\" title=\"Minsta spark\u00e5karen 2012\" src=\"http:\/\/sundalsryr.se\/wp-content\/uploads\/2012\/02\/P1090342-300x225.jpg\" alt=\"\" width=\"300\" height=\"225\" srcset=\"http:\/\/sundalsryr.se\/wp-content\/uploads\/2012\/02\/P1090342-300x225.jpg 300w, http:\/\/sundalsryr.se\/wp-content\/uploads\/2012\/02\/P1090342-1024x768.jpg 1024w\" sizes=\"(max-width: 300px) 100vw, 300px\" \/><\/a><\/p>\n<p>Den yngsta deltagaren p\u00e5 isen med den minsta sparken var mycket n\u00f6jd. Korven som vi grillade efter\u00e5t smakade mycket bra enligt Axel!<\/p>\n","protected":false},"excerpt":{"rendered":"<p>I s\u00f6ndags var det ett g\u00e4ng som var ute och \u00e5kte p\u00e5 isen p\u00e5 Bollungen (vid badplatsen) Det var en ljuvlig eftermiddag med b\u00e5de l\u00e5ngf\u00e4rdsskridskor, sparkar, hockeymatch, skidor representerade p\u00e5 isen. Ordf\u00f6rande i byalaget var mycket tr\u00f6tt efter matchen! P\u00e5 s\u00f6ndag den 5 februari ses vi igen p\u00e5 isen kl. 14.00 vid badplatsen f\u00f6r dem&#8230;<\/p>\n","protected":false},"author":2,"featured_media":0,"comment_status":"open","ping_status":"open","sticky":false,"template":"","format":"standard","meta":{"_monsterinsights_skip_tracking":false,"_monsterinsights_sitenote_active":false,"_monsterinsights_sitenote_note":"","_monsterinsights_sitenote_category":0,"footnotes":""},"categories":[1],"tags":[],"class_list":["post-781","post","type-post","status-publish","format-standard","hentry","category-aktuellt"],"_links":{"self":[{"href":"http:\/\/sundalsryr.se\/index.php?rest_route=\/wp\/v2\/posts\/781"}],"collection":[{"href":"http:\/\/sundalsryr.se\/index.php?rest_route=\/wp\/v2\/posts"}],"about":[{"href":"http:\/\/sundalsryr.se\/index.php?rest_route=\/wp\/v2\/types\/post"}],"author":[{"embeddable":true,"href":"http:\/\/sundalsryr.se\/index.php?rest_route=\/wp\/v2\/users\/2"}],"replies":[{"embeddable":true,"href":"http:\/\/sundalsryr.se\/index.php?rest_route=%2Fwp%2Fv2%2Fcomments&post=781"}],"version-history":[{"count":1,"href":"http:\/\/sundalsryr.se\/index.php?rest_route=\/wp\/v2\/posts\/781\/revisions"}],"predecessor-version":[{"id":783,"href":"http:\/\/sundalsryr.se\/index.php?rest_route=\/wp\/v2\/posts\/781\/revisions\/783"}],"wp:attachment":[{"href":"http:\/\/sundalsryr.se\/index.php?rest_route=%2Fwp%2Fv2%2Fmedia&parent=781"}],"wp:term":[{"taxonomy":"category","embeddable":true,"href":"http:\/\/sundalsryr.se\/index.php?rest_route=%2Fwp%2Fv2%2Fcategories&post=781"},{"taxonomy":"post_tag","embeddable":true,"href":"http:\/\/sundalsryr.se\/index.php?rest_route=%2Fwp%2Fv2%2Ftags&post=781"}],"curies":[{"name":"wp","href":"https:\/\/api.w.org\/{rel}","templated":true}]}}