{"id":784,"date":"2012-02-03T21:10:44","date_gmt":"2012-02-03T21:10:44","guid":{"rendered":"http:\/\/sundalsryr.se\/?p=784"},"modified":"2012-02-01T21:18:10","modified_gmt":"2012-02-01T21:18:10","slug":"jubileumsvecka","status":"publish","type":"post","link":"http:\/\/sundalsryr.se\/?p=784","title":{"rendered":"Jubileumsvecka"},"content":{"rendered":"<p>2001 startade byalaget-det \u00e4r nu 10 \u00e5r sedan (drygt). Det firar vi genom att under vecka13 ha m\u00e5nga aktiviteter. Det b\u00f6rjar p\u00e5 onsdag kv\u00e4ll, 28 mars, med \u00e5rsm\u00f6te i f\u00f6rsamlingshemmet klockan 19.00. Vi bjuder p\u00e5 sm\u00f6rg\u00e5s och kaffe. Torsdagen den 29 mars \u00e4r det lunch mellan 12.00 och 13.00 i f\u00f6rsamlingshemmet. En extra god efterr\u00e4tt utlovas. P\u00e5 l\u00f6rdagen den 31 mars \u00e4r det jubileumsfest i Skidstugan p\u00e5 Granan klockan 19.00. Man k\u00f6per biljetter av Ingrid Nilsson 30043 eller Susanne Broberg 35030. Det \u00e4r begr\u00e4nsat antal platser s\u00e5 f\u00f6rst till kvarn&#8230;&#8230; Det blir tre-r\u00e4tters middag och underh\u00e5llning.<\/p>\n<p>Hoppas vi ses!<\/p>\n","protected":false},"excerpt":{"rendered":"<p>2001 startade byalaget-det \u00e4r nu 10 \u00e5r sedan (drygt). Det firar vi genom att under vecka13 ha m\u00e5nga aktiviteter. Det b\u00f6rjar p\u00e5 onsdag kv\u00e4ll, 28 mars, med \u00e5rsm\u00f6te i f\u00f6rsamlingshemmet klockan 19.00. Vi bjuder p\u00e5 sm\u00f6rg\u00e5s och kaffe. Torsdagen den 29 mars \u00e4r det lunch mellan 12.00 och 13.00 i f\u00f6rsamlingshemmet. En extra god efterr\u00e4tt&#8230;<\/p>\n","protected":false},"author":2,"featured_media":0,"comment_status":"open","ping_status":"open","sticky":false,"template":"","format":"standard","meta":{"_monsterinsights_skip_tracking":false,"_monsterinsights_sitenote_active":false,"_monsterinsights_sitenote_note":"","_monsterinsights_sitenote_category":0,"footnotes":""},"categories":[1],"tags":[],"class_list":["post-784","post","type-post","status-publish","format-standard","hentry","category-aktuellt"],"_links":{"self":[{"href":"http:\/\/sundalsryr.se\/index.php?rest_route=\/wp\/v2\/posts\/784"}],"collection":[{"href":"http:\/\/sundalsryr.se\/index.php?rest_route=\/wp\/v2\/posts"}],"about":[{"href":"http:\/\/sundalsryr.se\/index.php?rest_route=\/wp\/v2\/types\/post"}],"author":[{"embeddable":true,"href":"http:\/\/sundalsryr.se\/index.php?rest_route=\/wp\/v2\/users\/2"}],"replies":[{"embeddable":true,"href":"http:\/\/sundalsryr.se\/index.php?rest_route=%2Fwp%2Fv2%2Fcomments&post=784"}],"version-history":[{"count":1,"href":"http:\/\/sundalsryr.se\/index.php?rest_route=\/wp\/v2\/posts\/784\/revisions"}],"predecessor-version":[{"id":785,"href":"http:\/\/sundalsryr.se\/index.php?rest_route=\/wp\/v2\/posts\/784\/revisions\/785"}],"wp:attachment":[{"href":"http:\/\/sundalsryr.se\/index.php?rest_route=%2Fwp%2Fv2%2Fmedia&parent=784"}],"wp:term":[{"taxonomy":"category","embeddable":true,"href":"http:\/\/sundalsryr.se\/index.php?rest_route=%2Fwp%2Fv2%2Fcategories&post=784"},{"taxonomy":"post_tag","embeddable":true,"href":"http:\/\/sundalsryr.se\/index.php?rest_route=%2Fwp%2Fv2%2Ftags&post=784"}],"curies":[{"name":"wp","href":"https:\/\/api.w.org\/{rel}","templated":true}]}}